{"id":387,"date":"2024-09-21T16:44:10","date_gmt":"2024-09-21T16:44:10","guid":{"rendered":"https:\/\/accessibi.com\/?p=292"},"modified":"2024-09-21T16:44:10","modified_gmt":"2024-09-21T16:44:10","slug":"accesibilidad-web-obligatoria-en-europa-a-partir-de-2025-lo-que-las-empresas-deben-saber","status":"publish","type":"post","link":"https:\/\/accessibi.com\/es\/accesibilidad-web-obligatoria-en-europa-a-partir-de-2025-lo-que-las-empresas-deben-saber\/","title":{"rendered":"Accesibilidad web obligatoria en Europa a partir de 2025: lo que hay que saber"},"content":{"rendered":"<p>A partir del 28 de junio de 2025, la accesibilidad web ser\u00e1 una obligaci\u00f3n legal para todas las empresas que operen en la Uni\u00f3n Europea, de acuerdo con la<strong>Acta Europea de Accesibilidad<\/strong> (EAA). Esta legislaci\u00f3n representa un cambio significativo para el panorama digital europeo, ya que hace hincapi\u00e9 en el acceso universal a la web y a los servicios digitales, independientemente de las capacidades f\u00edsicas o cognitivas de los usuarios. Pero, \u00bfqu\u00e9 significa esto exactamente para las empresas y c\u00f3mo pueden prepararse mejor para cumplir el plazo?<\/p>\n\n\n\n<h3 class=\"wp-block-heading\"><strong>\u00bfQu\u00e9 es el Acta Europea de Accesibilidad?<\/strong><\/h3>\n\n\n\n<p>El Acta Europea de Accesibilidad es una ambiciosa legislaci\u00f3n introducida por la Uni\u00f3n Europea para reducir las barreras digitales a las que se enfrentan a diario las personas con discapacidad. Abarca no s\u00f3lo la navegaci\u00f3n web, sino una amplia gama de productos y servicios digitales, como aplicaciones m\u00f3viles, plataformas de comercio electr\u00f3nico, cajeros autom\u00e1ticos, m\u00e1quinas expendedoras de billetes y lectores de libros electr\u00f3nicos. El principal objetivo de las CEA es promover un entorno digital inclusivo en el que las personas con discapacidad tengan igualdad de acceso a la informaci\u00f3n, los productos y los servicios.<\/p>\n\n\n\n<p>Para las empresas italianas y las que operan en Europa, la CEA supone un cambio radical en la forma en que deben dise\u00f1arse y gestionarse los sitios web y las aplicaciones digitales. Mientras que hasta hoy muchos sitios web y plataformas pod\u00edan pasar por alto ciertos aspectos de la accesibilidad, 2025 marcar\u00e1 el comienzo de una nueva era en la que estas caracter\u00edsticas ser\u00e1n esenciales para operar legalmente en el mercado europeo.<\/p>\n\n\n\n<h3 class=\"wp-block-heading\"><strong>Implicaciones para las empresas<\/strong><\/h3>\n\n\n\n<p>A medida que se acerque la fecha l\u00edmite, todas las empresas que operen en Europa tendr\u00e1n que cumplir unas estrictas normas de accesibilidad, definidas por la <strong>WCAG (Directrices de Accesibilidad al Contenido en la Web)<\/strong>que constituyen el marco para la creaci\u00f3n de contenidos web accesibles. Las WCAG comprenden un conjunto de requisitos t\u00e9cnicos y pr\u00e1cticos dise\u00f1ados para garantizar que las personas con discapacidad puedan utilizar sitios web y aplicaciones con la misma facilidad que cualquier otra persona.<\/p>\n\n\n\n<p>Los principales requisitos son:<\/p>\n\n\n\n<ul class=\"wp-block-list\">\n<li><strong>Compatibilidad con lectores de pantalla<\/strong>Los sitios web deben ser f\u00e1cilmente accesibles para las personas con discapacidad visual que utilicen lectores de pantalla. Esto significa que todos los contenidos visuales deben ir acompa\u00f1ados de una descripci\u00f3n textual que pueda ser \"le\u00edda\" por estas herramientas.<\/li>\n\n\n\n<li><strong>Navegaci\u00f3n con el teclado<\/strong>Es esencial que un sitio sea navegable totalmente por teclado, ya que algunas personas con discapacidad motriz pueden no ser capaces de utilizar un rat\u00f3n.<\/li>\n\n\n\n<li><strong>Textos alternativos para las im\u00e1genes<\/strong>Cada imagen debe ir acompa\u00f1ada de un texto descriptivo alternativo que permita a las personas con discapacidad visual comprender el contenido visual.<\/li>\n\n\n\n<li><strong>Contraste de colores<\/strong>Para garantizar que los textos tambi\u00e9n sean legibles para las personas con discapacidad visual, es importante que exista un contraste adecuado entre el texto y el fondo.<\/li>\n\n\n\n<li><strong>Reducir los elementos de distracci\u00f3n<\/strong>Las animaciones, ventanas emergentes u otros elementos visuales que puedan perturbar la atenci\u00f3n de los usuarios deben reducirse o hacerse inoperantes.<\/li>\n<\/ul>\n\n\n\n<p>El incumplimiento de estos requisitos puede acarrear importantes consecuencias. Las empresas incumplidoras no s\u00f3lo se arriesgan a multas elevadas, sino que tambi\u00e9n podr\u00edan enfrentarse a demandas judiciales y da\u00f1os a su reputaci\u00f3n. En un mundo cada vez m\u00e1s centrado en las pr\u00e1cticas inclusivas, el incumplimiento de las CEA podr\u00eda alienar a una gran parte del p\u00fablico.<\/p>\n\n\n\n<h3 class=\"wp-block-heading\"><strong>C\u00f3mo prepararse para el Acta Europea de Accesibilidad<\/strong><\/h3>\n\n\n\n<p>Con el plazo de 2025 cada vez m\u00e1s cerca, prepararse con antelaci\u00f3n es crucial. Esperar hasta el \u00faltimo momento podr\u00eda poner a las empresas en desventaja, con el riesgo de tener que realizar cambios precipitados y poco optimizados. En cambio, las empresas que act\u00faen ahora tendr\u00e1n tiempo de aplicar un plan de cumplimiento s\u00f3lido y bien estructurado, evitando las prisas de \u00faltima hora.<\/p>\n\n\n\n<p>Un primer paso crucial para cualquier empresa es realizar un an\u00e1lisis exhaustivo de la accesibilidad de su sitio web y sus aplicaciones digitales. Este an\u00e1lisis debe identificar todas las \u00e1reas que necesitan mejoras, desde los problemas de usabilidad para personas con discapacidades visuales, auditivas o motrices hasta la compatibilidad con lectores de pantalla y otras tecnolog\u00edas de asistencia.<\/p>\n\n\n\n<p>En este contexto, servicios especializados como los ofrecidos por <strong>Accessibi<\/strong> puede marcar la diferencia. Accessibi no s\u00f3lo ofrece un an\u00e1lisis en profundidad de los problemas cr\u00edticos del sitio, sino que tambi\u00e9n proporciona soluciones f\u00e1ciles de implantar, lo que permite a las empresas ajustarse r\u00e1pidamente a los requisitos de las WCAG y garantizar el cumplimiento de la normativa de las EAA. La ventaja de utilizar una plataforma como Accessibi radica en la sencillez del proceso: un equipo de expertos sigue cada paso, desde la identificaci\u00f3n del problema hasta la implantaci\u00f3n de la soluci\u00f3n, minimizando el tiempo y los recursos que se exigen a las empresas.<\/p>\n\n\n\n<h3 class=\"wp-block-heading\"><strong>\u00bfPor qu\u00e9 actuar ahora?<\/strong><\/h3>\n\n\n\n<p>Adem\u00e1s de la ventaja obvia de evitar sanciones econ\u00f3micas y problemas legales, hay muchas razones por las que las empresas deber\u00edan actuar ya y hacer accesibles sus sitios. En primer lugar, un sitio accesible no s\u00f3lo beneficia a las personas con discapacidad: mejora la experiencia de usuario para todos. Un sitio bien estructurado, con una navegaci\u00f3n intuitiva y un contenido f\u00e1cil de leer, es m\u00e1s agradable de usar para todos, independientemente de su capacidad. Esto se traduce en un mayor compromiso del usuario, m\u00e1s tiempo de permanencia en el sitio y, en \u00faltima instancia, mayores conversiones.<\/p>\n\n\n\n<p>La accesibilidad web tambi\u00e9n tiene un impacto positivo en el SEO. Motores de b\u00fasqueda como Google recompensan a los sitios web que siguen las mejores pr\u00e1cticas de accesibilidad, mejorando su clasificaci\u00f3n en los resultados de b\u00fasqueda. Por tanto, un sitio que cumpla las WCAG no solo ser\u00e1 accesible para todos, sino que tambi\u00e9n ganar\u00e1 mayor visibilidad en l\u00ednea, atrayendo m\u00e1s tr\u00e1fico org\u00e1nico.<\/p>\n\n\n\n<p>Otro aspecto a tener en cuenta es la reputaci\u00f3n corporativa. En un momento en que la inclusividad y la responsabilidad social son cuestiones importantes, demostrar un compromiso con la accesibilidad digital puede mejorar la imagen de marca. Las empresas que muestran atenci\u00f3n a las necesidades de todos sus clientes, incluidos los discapacitados, se forjan una reputaci\u00f3n m\u00e1s s\u00f3lida y digna de confianza.<\/p>\n\n\n\n<h3 class=\"wp-block-heading\"><strong>Con Accessibi, estar\u00e1 preparado para 2025<\/strong><\/h3>\n\n\n\n<p>Preparando la llegada de <em>Acta Europea de Accesibilidad<\/em> puede parecer un reto complejo, pero con <strong>Accessibi<\/strong>el proceso se vuelve sencillo y manejable. Nuestro equipo de expertos le guiar\u00e1 en cada paso del proceso, desde el an\u00e1lisis inicial hasta la aplicaci\u00f3n de los cambios, garantizando que su sitio web cumpla plenamente la normativa antes de la fecha l\u00edmite de 2025.<\/p>\n\n\n\n<p>No espere hasta el \u00faltimo momento: act\u00fae ahora y convierta la accesibilidad en una oportunidad para mejorar su negocio, ofrecer una mejor experiencia a sus usuarios y aumentar su visibilidad en Internet. Con <strong>Accessibi<\/strong>est\u00e1s en buenas manos.<\/p>","protected":false},"excerpt":{"rendered":"<p>A partir del 28 de junio de 2025, la accesibilidad web ser\u00e1 una obligaci\u00f3n legal para todas las empresas que operen en la Uni\u00f3n Europea, de acuerdo con la Ley Europea de Accesibilidad (EAA). Esta legislaci\u00f3n representa un cambio significativo para el panorama digital europeo, ya que hace hincapi\u00e9 en el acceso universal a la web y a los servicios digitales, independientemente de las capacidades f\u00edsicas [...].<\/p>","protected":false},"author":1,"featured_media":388,"comment_status":"open","ping_status":"open","sticky":true,"template":"","format":"standard","meta":{"footnotes":""},"categories":[10],"tags":[],"class_list":["post-387","post","type-post","status-publish","format-standard","has-post-thumbnail","hentry","category-accessibilita"],"yoast_head":"<!-- This site is optimized with the Yoast SEO plugin v26.3 - https:\/\/yoast.com\/wordpress\/plugins\/seo\/ -->\n<title>Accessibilit\u00e0 web obbligatoria in Europa dal 2025: Cosa sapere | Accessibi<\/title>\n<meta name=\"robots\" content=\"index, follow, max-snippet:-1, max-image-preview:large, max-video-preview:-1\" \/>\n<link rel=\"canonical\" href=\"https:\/\/accessibi.com\/es\/accesibilidad-web-obligatoria-en-europa-a-partir-de-2025-lo-que-las-empresas-deben-saber\/\" \/>\n<meta property=\"og:locale\" content=\"es_ES\" \/>\n<meta property=\"og:type\" content=\"article\" \/>\n<meta property=\"og:title\" content=\"Accessibilit\u00e0 web obbligatoria in Europa dal 2025: Cosa sapere | Accessibi\" \/>\n<meta property=\"og:description\" content=\"A partire dal 28 giugno 2025, l&#8217;accessibilit\u00e0 web diventer\u00e0 un obbligo legale per tutte le aziende che operano all&#8217;interno dell&#8217;Unione Europea, in conformit\u00e0 con l&#8217;European Accessibility Act (EAA). Questa normativa rappresenta un cambiamento significativo per il panorama digitale europeo, ponendo l&#8217;accento su un accesso universale al web e ai servizi digitali, indipendentemente dalle capacit\u00e0 fisiche [&hellip;]\" \/>\n<meta property=\"og:url\" content=\"https:\/\/accessibi.com\/es\/accesibilidad-web-obligatoria-en-europa-a-partir-de-2025-lo-que-las-empresas-deben-saber\/\" \/>\n<meta property=\"og:site_name\" content=\"Accessibi\" \/>\n<meta property=\"article:published_time\" content=\"2024-09-21T16:44:10+00:00\" \/>\n<meta property=\"og:image\" content=\"https:\/\/accessibi.com\/wp-content\/uploads\/2024\/09\/italy-and-european-union-flags-2023-11-27-04-57-48-utc-1.jpg\" \/>\n\t<meta property=\"og:image:width\" content=\"2500\" \/>\n\t<meta property=\"og:image:height\" content=\"1686\" \/>\n\t<meta property=\"og:image:type\" content=\"image\/jpeg\" \/>\n<meta name=\"author\" content=\"admin\" \/>\n<meta name=\"twitter:card\" content=\"summary_large_image\" \/>\n<meta name=\"twitter:label1\" content=\"Escrito por\" \/>\n\t<meta name=\"twitter:data1\" content=\"admin\" \/>\n\t<meta name=\"twitter:label2\" content=\"Tiempo de lectura\" \/>\n\t<meta name=\"twitter:data2\" content=\"6 minutos\" \/>\n<script type=\"application\/ld+json\" class=\"yoast-schema-graph\">{\"@context\":\"https:\/\/schema.org\",\"@graph\":[{\"@type\":\"Article\",\"@id\":\"https:\/\/accessibi.com\/laccessibilita-web-obbligatoria-in-europa-dal-2025-cosa-devono-sapere-le-aziende\/#article\",\"isPartOf\":{\"@id\":\"https:\/\/accessibi.com\/laccessibilita-web-obbligatoria-in-europa-dal-2025-cosa-devono-sapere-le-aziende\/\"},\"author\":{\"name\":\"admin\",\"@id\":\"https:\/\/accessibi.com\/#\/schema\/person\/627c156f54e1f6c145189c948c6286fa\"},\"headline\":\"Accessibilit\u00e0 web obbligatoria in Europa dal 2025: Cosa sapere\",\"datePublished\":\"2024-09-21T16:44:10+00:00\",\"mainEntityOfPage\":{\"@id\":\"https:\/\/accessibi.com\/laccessibilita-web-obbligatoria-in-europa-dal-2025-cosa-devono-sapere-le-aziende\/\"},\"wordCount\":1045,\"commentCount\":0,\"publisher\":{\"@id\":\"https:\/\/accessibi.com\/#organization\"},\"image\":{\"@id\":\"https:\/\/accessibi.com\/laccessibilita-web-obbligatoria-in-europa-dal-2025-cosa-devono-sapere-le-aziende\/#primaryimage\"},\"thumbnailUrl\":\"https:\/\/accessibi.com\/wp-content\/uploads\/2024\/09\/italy-and-european-union-flags-2023-11-27-04-57-48-utc-1.jpg\",\"articleSection\":[\"Accessibilit\u00e0\"],\"inLanguage\":\"es\",\"potentialAction\":[{\"@type\":\"CommentAction\",\"name\":\"Comment\",\"target\":[\"https:\/\/accessibi.com\/laccessibilita-web-obbligatoria-in-europa-dal-2025-cosa-devono-sapere-le-aziende\/#respond\"]}]},{\"@type\":\"WebPage\",\"@id\":\"https:\/\/accessibi.com\/laccessibilita-web-obbligatoria-in-europa-dal-2025-cosa-devono-sapere-le-aziende\/\",\"url\":\"https:\/\/accessibi.com\/laccessibilita-web-obbligatoria-in-europa-dal-2025-cosa-devono-sapere-le-aziende\/\",\"name\":\"Accessibilit\u00e0 web obbligatoria in Europa dal 2025: Cosa sapere | Accessibi\",\"isPartOf\":{\"@id\":\"https:\/\/accessibi.com\/#website\"},\"primaryImageOfPage\":{\"@id\":\"https:\/\/accessibi.com\/laccessibilita-web-obbligatoria-in-europa-dal-2025-cosa-devono-sapere-le-aziende\/#primaryimage\"},\"image\":{\"@id\":\"https:\/\/accessibi.com\/laccessibilita-web-obbligatoria-in-europa-dal-2025-cosa-devono-sapere-le-aziende\/#primaryimage\"},\"thumbnailUrl\":\"https:\/\/accessibi.com\/wp-content\/uploads\/2024\/09\/italy-and-european-union-flags-2023-11-27-04-57-48-utc-1.jpg\",\"datePublished\":\"2024-09-21T16:44:10+00:00\",\"breadcrumb\":{\"@id\":\"https:\/\/accessibi.com\/laccessibilita-web-obbligatoria-in-europa-dal-2025-cosa-devono-sapere-le-aziende\/#breadcrumb\"},\"inLanguage\":\"es\",\"potentialAction\":[{\"@type\":\"ReadAction\",\"target\":[\"https:\/\/accessibi.com\/laccessibilita-web-obbligatoria-in-europa-dal-2025-cosa-devono-sapere-le-aziende\/\"]}]},{\"@type\":\"ImageObject\",\"inLanguage\":\"es\",\"@id\":\"https:\/\/accessibi.com\/laccessibilita-web-obbligatoria-in-europa-dal-2025-cosa-devono-sapere-le-aziende\/#primaryimage\",\"url\":\"https:\/\/accessibi.com\/wp-content\/uploads\/2024\/09\/italy-and-european-union-flags-2023-11-27-04-57-48-utc-1.jpg\",\"contentUrl\":\"https:\/\/accessibi.com\/wp-content\/uploads\/2024\/09\/italy-and-european-union-flags-2023-11-27-04-57-48-utc-1.jpg\",\"width\":2500,\"height\":1686,\"caption\":\"Italy and European Union Flags on the Venetian Style Building.\"},{\"@type\":\"BreadcrumbList\",\"@id\":\"https:\/\/accessibi.com\/laccessibilita-web-obbligatoria-in-europa-dal-2025-cosa-devono-sapere-le-aziende\/#breadcrumb\",\"itemListElement\":[{\"@type\":\"ListItem\",\"position\":1,\"name\":\"Home\",\"item\":\"https:\/\/accessibi.com\/\"},{\"@type\":\"ListItem\",\"position\":2,\"name\":\"Accessibilit\u00e0 web obbligatoria in Europa dal 2025: Cosa sapere\"}]},{\"@type\":\"WebSite\",\"@id\":\"https:\/\/accessibi.com\/#website\",\"url\":\"https:\/\/accessibi.com\/\",\"name\":\"Accessibi\",\"description\":\"Accessibilit\u00e0 per tutti, senza compromessi\",\"publisher\":{\"@id\":\"https:\/\/accessibi.com\/#organization\"},\"potentialAction\":[{\"@type\":\"SearchAction\",\"target\":{\"@type\":\"EntryPoint\",\"urlTemplate\":\"https:\/\/accessibi.com\/?s={search_term_string}\"},\"query-input\":{\"@type\":\"PropertyValueSpecification\",\"valueRequired\":true,\"valueName\":\"search_term_string\"}}],\"inLanguage\":\"es\"},{\"@type\":\"Organization\",\"@id\":\"https:\/\/accessibi.com\/#organization\",\"name\":\"Accessibi\",\"url\":\"https:\/\/accessibi.com\/\",\"logo\":{\"@type\":\"ImageObject\",\"inLanguage\":\"es\",\"@id\":\"https:\/\/accessibi.com\/#\/schema\/logo\/image\/\",\"url\":\"https:\/\/accessibi.com\/wp-content\/uploads\/2025\/04\/accessibi-blue.svg\",\"contentUrl\":\"https:\/\/accessibi.com\/wp-content\/uploads\/2025\/04\/accessibi-blue.svg\",\"width\":511,\"height\":82,\"caption\":\"Accessibi\"},\"image\":{\"@id\":\"https:\/\/accessibi.com\/#\/schema\/logo\/image\/\"}},{\"@type\":\"Person\",\"@id\":\"https:\/\/accessibi.com\/#\/schema\/person\/627c156f54e1f6c145189c948c6286fa\",\"name\":\"admin\",\"image\":{\"@type\":\"ImageObject\",\"inLanguage\":\"es\",\"@id\":\"https:\/\/accessibi.com\/#\/schema\/person\/image\/\",\"url\":\"https:\/\/secure.gravatar.com\/avatar\/e5834dee02af5e414763876af9e2162aec9fc082b14aa685718e54b759d1b861?s=96&d=mm&r=g\",\"contentUrl\":\"https:\/\/secure.gravatar.com\/avatar\/e5834dee02af5e414763876af9e2162aec9fc082b14aa685718e54b759d1b861?s=96&d=mm&r=g\",\"caption\":\"admin\"},\"sameAs\":[\"https:\/\/accessibi.com\"],\"url\":\"https:\/\/accessibi.com\/es\/author\/mail_rx1yoewd\/\"}]}<\/script>\n<!-- \/ Yoast SEO plugin. -->","yoast_head_json":{"title":"Accesibilidad web obligatoria en Europa a partir de 2025: lo que hay que saber | Accessibi","robots":{"index":"index","follow":"follow","max-snippet":"max-snippet:-1","max-image-preview":"max-image-preview:large","max-video-preview":"max-video-preview:-1"},"canonical":"https:\/\/accessibi.com\/es\/accesibilidad-web-obligatoria-en-europa-a-partir-de-2025-lo-que-las-empresas-deben-saber\/","og_locale":"es_ES","og_type":"article","og_title":"Accessibilit\u00e0 web obbligatoria in Europa dal 2025: Cosa sapere | Accessibi","og_description":"A partire dal 28 giugno 2025, l&#8217;accessibilit\u00e0 web diventer\u00e0 un obbligo legale per tutte le aziende che operano all&#8217;interno dell&#8217;Unione Europea, in conformit\u00e0 con l&#8217;European Accessibility Act (EAA). Questa normativa rappresenta un cambiamento significativo per il panorama digitale europeo, ponendo l&#8217;accento su un accesso universale al web e ai servizi digitali, indipendentemente dalle capacit\u00e0 fisiche [&hellip;]","og_url":"https:\/\/accessibi.com\/es\/accesibilidad-web-obligatoria-en-europa-a-partir-de-2025-lo-que-las-empresas-deben-saber\/","og_site_name":"Accessibi","article_published_time":"2024-09-21T16:44:10+00:00","og_image":[{"width":2500,"height":1686,"url":"https:\/\/accessibi.com\/wp-content\/uploads\/2024\/09\/italy-and-european-union-flags-2023-11-27-04-57-48-utc-1.jpg","type":"image\/jpeg"}],"author":"admin","twitter_card":"summary_large_image","twitter_misc":{"Escrito por":"admin","Tiempo de lectura":"6 minutos"},"schema":{"@context":"https:\/\/schema.org","@graph":[{"@type":"Article","@id":"https:\/\/accessibi.com\/laccessibilita-web-obbligatoria-in-europa-dal-2025-cosa-devono-sapere-le-aziende\/#article","isPartOf":{"@id":"https:\/\/accessibi.com\/laccessibilita-web-obbligatoria-in-europa-dal-2025-cosa-devono-sapere-le-aziende\/"},"author":{"name":"admin","@id":"https:\/\/accessibi.com\/#\/schema\/person\/627c156f54e1f6c145189c948c6286fa"},"headline":"Accessibilit\u00e0 web obbligatoria in Europa dal 2025: Cosa sapere","datePublished":"2024-09-21T16:44:10+00:00","mainEntityOfPage":{"@id":"https:\/\/accessibi.com\/laccessibilita-web-obbligatoria-in-europa-dal-2025-cosa-devono-sapere-le-aziende\/"},"wordCount":1045,"commentCount":0,"publisher":{"@id":"https:\/\/accessibi.com\/#organization"},"image":{"@id":"https:\/\/accessibi.com\/laccessibilita-web-obbligatoria-in-europa-dal-2025-cosa-devono-sapere-le-aziende\/#primaryimage"},"thumbnailUrl":"https:\/\/accessibi.com\/wp-content\/uploads\/2024\/09\/italy-and-european-union-flags-2023-11-27-04-57-48-utc-1.jpg","articleSection":["Accessibilit\u00e0"],"inLanguage":"es","potentialAction":[{"@type":"CommentAction","name":"Comment","target":["https:\/\/accessibi.com\/laccessibilita-web-obbligatoria-in-europa-dal-2025-cosa-devono-sapere-le-aziende\/#respond"]}]},{"@type":"WebPage","@id":"https:\/\/accessibi.com\/laccessibilita-web-obbligatoria-in-europa-dal-2025-cosa-devono-sapere-le-aziende\/","url":"https:\/\/accessibi.com\/laccessibilita-web-obbligatoria-in-europa-dal-2025-cosa-devono-sapere-le-aziende\/","name":"Accesibilidad web obligatoria en Europa a partir de 2025: lo que hay que saber | Accessibi","isPartOf":{"@id":"https:\/\/accessibi.com\/#website"},"primaryImageOfPage":{"@id":"https:\/\/accessibi.com\/laccessibilita-web-obbligatoria-in-europa-dal-2025-cosa-devono-sapere-le-aziende\/#primaryimage"},"image":{"@id":"https:\/\/accessibi.com\/laccessibilita-web-obbligatoria-in-europa-dal-2025-cosa-devono-sapere-le-aziende\/#primaryimage"},"thumbnailUrl":"https:\/\/accessibi.com\/wp-content\/uploads\/2024\/09\/italy-and-european-union-flags-2023-11-27-04-57-48-utc-1.jpg","datePublished":"2024-09-21T16:44:10+00:00","breadcrumb":{"@id":"https:\/\/accessibi.com\/laccessibilita-web-obbligatoria-in-europa-dal-2025-cosa-devono-sapere-le-aziende\/#breadcrumb"},"inLanguage":"es","potentialAction":[{"@type":"ReadAction","target":["https:\/\/accessibi.com\/laccessibilita-web-obbligatoria-in-europa-dal-2025-cosa-devono-sapere-le-aziende\/"]}]},{"@type":"ImageObject","inLanguage":"es","@id":"https:\/\/accessibi.com\/laccessibilita-web-obbligatoria-in-europa-dal-2025-cosa-devono-sapere-le-aziende\/#primaryimage","url":"https:\/\/accessibi.com\/wp-content\/uploads\/2024\/09\/italy-and-european-union-flags-2023-11-27-04-57-48-utc-1.jpg","contentUrl":"https:\/\/accessibi.com\/wp-content\/uploads\/2024\/09\/italy-and-european-union-flags-2023-11-27-04-57-48-utc-1.jpg","width":2500,"height":1686,"caption":"Italy and European Union Flags on the Venetian Style Building."},{"@type":"BreadcrumbList","@id":"https:\/\/accessibi.com\/laccessibilita-web-obbligatoria-in-europa-dal-2025-cosa-devono-sapere-le-aziende\/#breadcrumb","itemListElement":[{"@type":"ListItem","position":1,"name":"Home","item":"https:\/\/accessibi.com\/"},{"@type":"ListItem","position":2,"name":"Accessibilit\u00e0 web obbligatoria in Europa dal 2025: Cosa sapere"}]},{"@type":"WebSite","@id":"https:\/\/accessibi.com\/#website","url":"https:\/\/accessibi.com\/","name":"Accessibi","description":"Accesibilidad para todos, sin concesiones","publisher":{"@id":"https:\/\/accessibi.com\/#organization"},"potentialAction":[{"@type":"SearchAction","target":{"@type":"EntryPoint","urlTemplate":"https:\/\/accessibi.com\/?s={search_term_string}"},"query-input":{"@type":"PropertyValueSpecification","valueRequired":true,"valueName":"search_term_string"}}],"inLanguage":"es"},{"@type":"Organization","@id":"https:\/\/accessibi.com\/#organization","name":"Accessibi","url":"https:\/\/accessibi.com\/","logo":{"@type":"ImageObject","inLanguage":"es","@id":"https:\/\/accessibi.com\/#\/schema\/logo\/image\/","url":"https:\/\/accessibi.com\/wp-content\/uploads\/2025\/04\/accessibi-blue.svg","contentUrl":"https:\/\/accessibi.com\/wp-content\/uploads\/2025\/04\/accessibi-blue.svg","width":511,"height":82,"caption":"Accessibi"},"image":{"@id":"https:\/\/accessibi.com\/#\/schema\/logo\/image\/"}},{"@type":"Person","@id":"https:\/\/accessibi.com\/#\/schema\/person\/627c156f54e1f6c145189c948c6286fa","name":"admin","image":{"@type":"ImageObject","inLanguage":"es","@id":"https:\/\/accessibi.com\/#\/schema\/person\/image\/","url":"https:\/\/secure.gravatar.com\/avatar\/e5834dee02af5e414763876af9e2162aec9fc082b14aa685718e54b759d1b861?s=96&d=mm&r=g","contentUrl":"https:\/\/secure.gravatar.com\/avatar\/e5834dee02af5e414763876af9e2162aec9fc082b14aa685718e54b759d1b861?s=96&d=mm&r=g","caption":"admin"},"sameAs":["https:\/\/accessibi.com"],"url":"https:\/\/accessibi.com\/es\/author\/mail_rx1yoewd\/"}]}},"_links":{"self":[{"href":"https:\/\/accessibi.com\/es\/wp-json\/wp\/v2\/posts\/387","targetHints":{"allow":["GET"]}}],"collection":[{"href":"https:\/\/accessibi.com\/es\/wp-json\/wp\/v2\/posts"}],"about":[{"href":"https:\/\/accessibi.com\/es\/wp-json\/wp\/v2\/types\/post"}],"author":[{"embeddable":true,"href":"https:\/\/accessibi.com\/es\/wp-json\/wp\/v2\/users\/1"}],"replies":[{"embeddable":true,"href":"https:\/\/accessibi.com\/es\/wp-json\/wp\/v2\/comments?post=387"}],"version-history":[{"count":0,"href":"https:\/\/accessibi.com\/es\/wp-json\/wp\/v2\/posts\/387\/revisions"}],"wp:featuredmedia":[{"embeddable":true,"href":"https:\/\/accessibi.com\/es\/wp-json\/wp\/v2\/media\/388"}],"wp:attachment":[{"href":"https:\/\/accessibi.com\/es\/wp-json\/wp\/v2\/media?parent=387"}],"wp:term":[{"taxonomy":"category","embeddable":true,"href":"https:\/\/accessibi.com\/es\/wp-json\/wp\/v2\/categories?post=387"},{"taxonomy":"post_tag","embeddable":true,"href":"https:\/\/accessibi.com\/es\/wp-json\/wp\/v2\/tags?post=387"}],"curies":[{"name":"wp","href":"https:\/\/api.w.org\/{rel}","templated":true}]}}