{"id":397,"date":"2024-09-21T16:40:50","date_gmt":"2024-09-21T16:40:50","guid":{"rendered":"https:\/\/accessibi.com\/?p=322"},"modified":"2024-09-21T16:40:50","modified_gmt":"2024-09-21T16:40:50","slug":"la-accesibilidad-web-una-obligacion-legal-y-una-oportunidad-de-futuro","status":"publish","type":"post","link":"https:\/\/accessibi.com\/es\/la-accesibilidad-web-una-obligacion-legal-y-una-oportunidad-de-futuro\/","title":{"rendered":"Accesibilidad web: una obligaci\u00f3n legal y una oportunidad de futuro"},"content":{"rendered":"<p>En los \u00faltimos a\u00f1os, la accesibilidad web se ha convertido en una prioridad para gobiernos, empresas y desarrolladores web. No es s\u00f3lo una cuesti\u00f3n \u00e9tica o social, sino una verdadera obligaci\u00f3n legal en muchas partes del mundo, incluida Europa. Con la entrada en vigor de la <em>Acta Europea de Accesibilidad<\/em> En 2025, todas las empresas estar\u00e1n obligadas a hacer accesibles sus sitios web a las personas con discapacidad. Pero la accesibilidad no debe verse s\u00f3lo como una norma a seguir. Tambi\u00e9n es una oportunidad para mejorar el uso de la web y atraer a un p\u00fablico m\u00e1s amplio.<\/p>\n\n\n\n<h4 class=\"wp-block-heading\"><strong>\u00bfPor qu\u00e9 es importante la accesibilidad?<\/strong><\/h4>\n\n\n\n<p>Aproximadamente el 15% de la poblaci\u00f3n mundial vive con alg\u00fan tipo de discapacidad, lo que puede afectar a su forma de interactuar con los contenidos en l\u00ednea. Sin embargo, la mayor\u00eda de los sitios web no est\u00e1n dise\u00f1ados teniendo en cuenta sus necesidades. Esto significa que millones de personas no pueden navegar f\u00e1cilmente por Internet, encontrar informaci\u00f3n o utilizar servicios esenciales.<\/p>\n\n\n\n<p>Un sitio accesible garantiza que todo el mundo, independientemente de sus capacidades f\u00edsicas o cognitivas, pueda disfrutar plenamente de su contenido. No se trata s\u00f3lo de a\u00f1adir texto alternativo a las im\u00e1genes o hacer accesibles los v\u00eddeos: se trata de crear una experiencia fluida e integradora para todos los usuarios, mejorando la navegaci\u00f3n, la legibilidad y la interactividad.<\/p>\n\n\n\n<h4 class=\"wp-block-heading\"><strong>La accesibilidad como ventaja competitiva<\/strong><\/h4>\n\n\n\n<p>M\u00e1s all\u00e1 de la obligaci\u00f3n legal, la accesibilidad puede convertirse en una poderosa ventaja competitiva para las empresas. Ofrecer un sitio accesible significa atraer a un p\u00fablico m\u00e1s amplio, incluidas las personas con discapacidad, las personas mayores o los usuarios con conexiones lentas a Internet. En un mercado cada vez m\u00e1s competitivo, destacar por su compromiso con la inclusi\u00f3n puede mejorar la reputaci\u00f3n de la marca y crear una base de clientes m\u00e1s fiel.<\/p>\n\n\n\n<p>Pero la cosa no acaba ah\u00ed. La accesibilidad tambi\u00e9n mejora la experiencia general del usuario. Un sitio f\u00e1cil de navegar y comprender no s\u00f3lo ayuda a quienes tienen dificultades espec\u00edficas, sino que tambi\u00e9n facilita la vida a todos los dem\u00e1s usuarios. Una interfaz intuitiva, botones bien visibles, textos claros y contenidos bien estructurados aumentan la permanencia en el sitio y reducen las tasas de abandono.<\/p>\n\n\n\n<h4 class=\"wp-block-heading\"><strong>Accesibilidad y SEO: una combinaci\u00f3n ganadora<\/strong><\/h4>\n\n\n\n<p>Otro aspecto a tener en cuenta es el impacto de la accesibilidad en el SEO. Los motores de b\u00fasqueda, como Google, prefieren los sitios bien estructurados y f\u00e1ciles de navegar. Los sitios accesibles respetan las mejores pr\u00e1cticas en cuanto a estructura de contenidos, velocidad de carga y optimizaci\u00f3n de im\u00e1genes. Esto facilita su indexaci\u00f3n y, en consecuencia, aumenta su visibilidad en los resultados de b\u00fasqueda.<\/p>\n\n\n\n<p>Por tanto, tener un sitio accesible no s\u00f3lo significa cumplir la normativa y hacer lo correcto: tambi\u00e9n significa mejorar la clasificaci\u00f3n org\u00e1nica, atraer m\u00e1s tr\u00e1fico y ganar ventaja sobre los competidores que prestan menos atenci\u00f3n a estas cuestiones.<\/p>\n\n\n\n<h4 class=\"wp-block-heading\"><strong>C\u00f3mo Accessibi puede ayudarle a conformarse y crecer<\/strong><\/h4>\n\n\n\n<p>Con la fecha l\u00edmite de 2025 cada vez m\u00e1s cerca, muchas empresas se preguntan c\u00f3mo adaptar sus sitios web a la nueva normativa sobre accesibilidad. <strong>Accessibi<\/strong> ofrece una soluci\u00f3n llave en mano para ayudarle a que su sitio web cumpla la <em>Acta Europea de Accesibilidad<\/em>.<\/p>\n\n\n\n<p>Nuestro equipo de expertos llevar\u00e1 a cabo un an\u00e1lisis detallado de su sitio web, identificando las \u00e1reas que requieren mejoras. A continuaci\u00f3n, aplicaremos los cambios necesarios para garantizar que su sitio sea accesible, cumpla los requisitos legales y mejore la experiencia del usuario. Desde la gesti\u00f3n del contenido visual hasta la creaci\u00f3n de una navegaci\u00f3n intuitiva y receptiva, nos ocuparemos de todo por usted.<\/p>\n\n\n\n<p>Pero no nos detenemos en el cumplimiento: <strong>Accessibi<\/strong> le ayudar\u00e1 a ver la accesibilidad como una oportunidad para crecer. Con un sitio m\u00e1s inclusivo, no solo evitar\u00e1s sanciones, sino que atraer\u00e1s a un p\u00fablico m\u00e1s amplio, mejorar\u00e1s tu posicionamiento SEO y consolidar\u00e1s tu reputaci\u00f3n como empresa solidaria y responsable.<\/p>\n\n\n\n<h4 class=\"wp-block-heading\"><strong>Conclusi\u00f3n<\/strong><\/h4>\n\n\n\n<p>La accesibilidad web es el futuro, y con la obligaci\u00f3n legal que llegar\u00e1 en 2025, todas las empresas tendr\u00e1n que adaptarse. Pero esto no debe verse como una carga: es una oportunidad para mejorar su sitio, aumentar su audiencia y reforzar su posici\u00f3n en el mercado. Con <strong>Accessibi<\/strong>puede afrontar este reto con tranquilidad, sabiendo que tiene a su lado un equipo de expertos dispuestos a hacer que su sitio sea accesible, conforme a las normas y competitivo.<\/p>","protected":false},"excerpt":{"rendered":"<p>Negli ultimi anni, l&#8217;accessibilit\u00e0 web \u00e8 diventata una priorit\u00e0 per governi, aziende e sviluppatori web. Non si tratta solo di una questione etica o sociale, ma di un vero e proprio obbligo legale in molte parti del mondo, compresa l&#8217;Europa. Con l&#8217;entrata in vigore del European Accessibility Act nel 2025, tutte le aziende saranno obbligate [&hellip;]<\/p>","protected":false},"author":1,"featured_media":398,"comment_status":"open","ping_status":"open","sticky":false,"template":"","format":"standard","meta":{"footnotes":""},"categories":[10],"tags":[],"class_list":["post-397","post","type-post","status-publish","format-standard","has-post-thumbnail","hentry","category-accessibilita"],"yoast_head":"<!-- This site is optimized with the Yoast SEO plugin v26.3 - https:\/\/yoast.com\/wordpress\/plugins\/seo\/ -->\n<title>L&#039;accessibilit\u00e0 web: un obbligo legale e un&#039;opportunit\u00e0 per il futuro | Accessibi<\/title>\n<meta name=\"robots\" content=\"index, follow, max-snippet:-1, max-image-preview:large, max-video-preview:-1\" \/>\n<link rel=\"canonical\" href=\"https:\/\/accessibi.com\/es\/la-accesibilidad-web-una-obligacion-legal-y-una-oportunidad-de-futuro\/\" \/>\n<meta property=\"og:locale\" content=\"es_ES\" \/>\n<meta property=\"og:type\" content=\"article\" \/>\n<meta property=\"og:title\" content=\"L&#039;accessibilit\u00e0 web: un obbligo legale e un&#039;opportunit\u00e0 per il futuro | Accessibi\" \/>\n<meta property=\"og:description\" content=\"Negli ultimi anni, l&#8217;accessibilit\u00e0 web \u00e8 diventata una priorit\u00e0 per governi, aziende e sviluppatori web. Non si tratta solo di una questione etica o sociale, ma di un vero e proprio obbligo legale in molte parti del mondo, compresa l&#8217;Europa. Con l&#8217;entrata in vigore del European Accessibility Act nel 2025, tutte le aziende saranno obbligate [&hellip;]\" \/>\n<meta property=\"og:url\" content=\"https:\/\/accessibi.com\/es\/la-accesibilidad-web-una-obligacion-legal-y-una-oportunidad-de-futuro\/\" \/>\n<meta property=\"og:site_name\" content=\"Accessibi\" \/>\n<meta property=\"article:published_time\" content=\"2024-09-21T16:40:50+00:00\" \/>\n<meta property=\"og:image\" content=\"https:\/\/accessibi.com\/wp-content\/uploads\/2024\/09\/woman-who-uses-a-wheelchair-being-pushed-in-an-off-2024-01-23-00-43-35-utc.jpg\" \/>\n\t<meta property=\"og:image:width\" content=\"2400\" \/>\n\t<meta property=\"og:image:height\" content=\"1597\" \/>\n\t<meta property=\"og:image:type\" content=\"image\/jpeg\" \/>\n<meta name=\"author\" content=\"admin\" \/>\n<meta name=\"twitter:card\" content=\"summary_large_image\" \/>\n<meta name=\"twitter:label1\" content=\"Escrito por\" \/>\n\t<meta name=\"twitter:data1\" content=\"admin\" \/>\n\t<meta name=\"twitter:label2\" content=\"Tiempo de lectura\" \/>\n\t<meta name=\"twitter:data2\" content=\"4 minutos\" \/>\n<script type=\"application\/ld+json\" class=\"yoast-schema-graph\">{\"@context\":\"https:\/\/schema.org\",\"@graph\":[{\"@type\":\"Article\",\"@id\":\"https:\/\/accessibi.com\/laccessibilita-web-un-obbligo-legale-e-unopportunita-per-il-futuro\/#article\",\"isPartOf\":{\"@id\":\"https:\/\/accessibi.com\/laccessibilita-web-un-obbligo-legale-e-unopportunita-per-il-futuro\/\"},\"author\":{\"name\":\"admin\",\"@id\":\"https:\/\/accessibi.com\/#\/schema\/person\/627c156f54e1f6c145189c948c6286fa\"},\"headline\":\"L&#8217;accessibilit\u00e0 web: un obbligo legale e un&#8217;opportunit\u00e0 per il futuro\",\"datePublished\":\"2024-09-21T16:40:50+00:00\",\"mainEntityOfPage\":{\"@id\":\"https:\/\/accessibi.com\/laccessibilita-web-un-obbligo-legale-e-unopportunita-per-il-futuro\/\"},\"wordCount\":697,\"commentCount\":0,\"publisher\":{\"@id\":\"https:\/\/accessibi.com\/#organization\"},\"image\":{\"@id\":\"https:\/\/accessibi.com\/laccessibilita-web-un-obbligo-legale-e-unopportunita-per-il-futuro\/#primaryimage\"},\"thumbnailUrl\":\"https:\/\/accessibi.com\/wp-content\/uploads\/2024\/09\/woman-who-uses-a-wheelchair-being-pushed-in-an-off-2024-01-23-00-43-35-utc.jpg\",\"articleSection\":[\"Accessibilit\u00e0\"],\"inLanguage\":\"es\",\"potentialAction\":[{\"@type\":\"CommentAction\",\"name\":\"Comment\",\"target\":[\"https:\/\/accessibi.com\/laccessibilita-web-un-obbligo-legale-e-unopportunita-per-il-futuro\/#respond\"]}]},{\"@type\":\"WebPage\",\"@id\":\"https:\/\/accessibi.com\/laccessibilita-web-un-obbligo-legale-e-unopportunita-per-il-futuro\/\",\"url\":\"https:\/\/accessibi.com\/laccessibilita-web-un-obbligo-legale-e-unopportunita-per-il-futuro\/\",\"name\":\"L'accessibilit\u00e0 web: un obbligo legale e un'opportunit\u00e0 per il futuro | Accessibi\",\"isPartOf\":{\"@id\":\"https:\/\/accessibi.com\/#website\"},\"primaryImageOfPage\":{\"@id\":\"https:\/\/accessibi.com\/laccessibilita-web-un-obbligo-legale-e-unopportunita-per-il-futuro\/#primaryimage\"},\"image\":{\"@id\":\"https:\/\/accessibi.com\/laccessibilita-web-un-obbligo-legale-e-unopportunita-per-il-futuro\/#primaryimage\"},\"thumbnailUrl\":\"https:\/\/accessibi.com\/wp-content\/uploads\/2024\/09\/woman-who-uses-a-wheelchair-being-pushed-in-an-off-2024-01-23-00-43-35-utc.jpg\",\"datePublished\":\"2024-09-21T16:40:50+00:00\",\"breadcrumb\":{\"@id\":\"https:\/\/accessibi.com\/laccessibilita-web-un-obbligo-legale-e-unopportunita-per-il-futuro\/#breadcrumb\"},\"inLanguage\":\"es\",\"potentialAction\":[{\"@type\":\"ReadAction\",\"target\":[\"https:\/\/accessibi.com\/laccessibilita-web-un-obbligo-legale-e-unopportunita-per-il-futuro\/\"]}]},{\"@type\":\"ImageObject\",\"inLanguage\":\"es\",\"@id\":\"https:\/\/accessibi.com\/laccessibilita-web-un-obbligo-legale-e-unopportunita-per-il-futuro\/#primaryimage\",\"url\":\"https:\/\/accessibi.com\/wp-content\/uploads\/2024\/09\/woman-who-uses-a-wheelchair-being-pushed-in-an-off-2024-01-23-00-43-35-utc.jpg\",\"contentUrl\":\"https:\/\/accessibi.com\/wp-content\/uploads\/2024\/09\/woman-who-uses-a-wheelchair-being-pushed-in-an-off-2024-01-23-00-43-35-utc.jpg\",\"width\":2400,\"height\":1597,\"caption\":\"Portrait of a young woman who uses a wheelchair laughing and being pushed in an office chair by an african american male colleague. Other diverse colleagues being blurry in the background. Copy space.\"},{\"@type\":\"BreadcrumbList\",\"@id\":\"https:\/\/accessibi.com\/laccessibilita-web-un-obbligo-legale-e-unopportunita-per-il-futuro\/#breadcrumb\",\"itemListElement\":[{\"@type\":\"ListItem\",\"position\":1,\"name\":\"Home\",\"item\":\"https:\/\/accessibi.com\/\"},{\"@type\":\"ListItem\",\"position\":2,\"name\":\"L&#8217;accessibilit\u00e0 web: un obbligo legale e un&#8217;opportunit\u00e0 per il futuro\"}]},{\"@type\":\"WebSite\",\"@id\":\"https:\/\/accessibi.com\/#website\",\"url\":\"https:\/\/accessibi.com\/\",\"name\":\"Accessibi\",\"description\":\"Accessibilit\u00e0 per tutti, senza compromessi\",\"publisher\":{\"@id\":\"https:\/\/accessibi.com\/#organization\"},\"potentialAction\":[{\"@type\":\"SearchAction\",\"target\":{\"@type\":\"EntryPoint\",\"urlTemplate\":\"https:\/\/accessibi.com\/?s={search_term_string}\"},\"query-input\":{\"@type\":\"PropertyValueSpecification\",\"valueRequired\":true,\"valueName\":\"search_term_string\"}}],\"inLanguage\":\"es\"},{\"@type\":\"Organization\",\"@id\":\"https:\/\/accessibi.com\/#organization\",\"name\":\"Accessibi\",\"url\":\"https:\/\/accessibi.com\/\",\"logo\":{\"@type\":\"ImageObject\",\"inLanguage\":\"es\",\"@id\":\"https:\/\/accessibi.com\/#\/schema\/logo\/image\/\",\"url\":\"https:\/\/accessibi.com\/wp-content\/uploads\/2025\/04\/accessibi-blue.svg\",\"contentUrl\":\"https:\/\/accessibi.com\/wp-content\/uploads\/2025\/04\/accessibi-blue.svg\",\"width\":511,\"height\":82,\"caption\":\"Accessibi\"},\"image\":{\"@id\":\"https:\/\/accessibi.com\/#\/schema\/logo\/image\/\"}},{\"@type\":\"Person\",\"@id\":\"https:\/\/accessibi.com\/#\/schema\/person\/627c156f54e1f6c145189c948c6286fa\",\"name\":\"admin\",\"image\":{\"@type\":\"ImageObject\",\"inLanguage\":\"es\",\"@id\":\"https:\/\/accessibi.com\/#\/schema\/person\/image\/\",\"url\":\"https:\/\/secure.gravatar.com\/avatar\/e5834dee02af5e414763876af9e2162aec9fc082b14aa685718e54b759d1b861?s=96&d=mm&r=g\",\"contentUrl\":\"https:\/\/secure.gravatar.com\/avatar\/e5834dee02af5e414763876af9e2162aec9fc082b14aa685718e54b759d1b861?s=96&d=mm&r=g\",\"caption\":\"admin\"},\"sameAs\":[\"https:\/\/accessibi.com\"],\"url\":\"https:\/\/accessibi.com\/es\/author\/mail_rx1yoewd\/\"}]}<\/script>\n<!-- \/ Yoast SEO plugin. -->","yoast_head_json":{"title":"Accesibilidad web: una obligaci\u00f3n legal y una oportunidad para el futuro | Accessibi","robots":{"index":"index","follow":"follow","max-snippet":"max-snippet:-1","max-image-preview":"max-image-preview:large","max-video-preview":"max-video-preview:-1"},"canonical":"https:\/\/accessibi.com\/es\/la-accesibilidad-web-una-obligacion-legal-y-una-oportunidad-de-futuro\/","og_locale":"es_ES","og_type":"article","og_title":"L'accessibilit\u00e0 web: un obbligo legale e un'opportunit\u00e0 per il futuro | Accessibi","og_description":"Negli ultimi anni, l&#8217;accessibilit\u00e0 web \u00e8 diventata una priorit\u00e0 per governi, aziende e sviluppatori web. Non si tratta solo di una questione etica o sociale, ma di un vero e proprio obbligo legale in molte parti del mondo, compresa l&#8217;Europa. Con l&#8217;entrata in vigore del European Accessibility Act nel 2025, tutte le aziende saranno obbligate [&hellip;]","og_url":"https:\/\/accessibi.com\/es\/la-accesibilidad-web-una-obligacion-legal-y-una-oportunidad-de-futuro\/","og_site_name":"Accessibi","article_published_time":"2024-09-21T16:40:50+00:00","og_image":[{"width":2400,"height":1597,"url":"https:\/\/accessibi.com\/wp-content\/uploads\/2024\/09\/woman-who-uses-a-wheelchair-being-pushed-in-an-off-2024-01-23-00-43-35-utc.jpg","type":"image\/jpeg"}],"author":"admin","twitter_card":"summary_large_image","twitter_misc":{"Escrito por":"admin","Tiempo de lectura":"4 minutos"},"schema":{"@context":"https:\/\/schema.org","@graph":[{"@type":"Article","@id":"https:\/\/accessibi.com\/laccessibilita-web-un-obbligo-legale-e-unopportunita-per-il-futuro\/#article","isPartOf":{"@id":"https:\/\/accessibi.com\/laccessibilita-web-un-obbligo-legale-e-unopportunita-per-il-futuro\/"},"author":{"name":"admin","@id":"https:\/\/accessibi.com\/#\/schema\/person\/627c156f54e1f6c145189c948c6286fa"},"headline":"L&#8217;accessibilit\u00e0 web: un obbligo legale e un&#8217;opportunit\u00e0 per il futuro","datePublished":"2024-09-21T16:40:50+00:00","mainEntityOfPage":{"@id":"https:\/\/accessibi.com\/laccessibilita-web-un-obbligo-legale-e-unopportunita-per-il-futuro\/"},"wordCount":697,"commentCount":0,"publisher":{"@id":"https:\/\/accessibi.com\/#organization"},"image":{"@id":"https:\/\/accessibi.com\/laccessibilita-web-un-obbligo-legale-e-unopportunita-per-il-futuro\/#primaryimage"},"thumbnailUrl":"https:\/\/accessibi.com\/wp-content\/uploads\/2024\/09\/woman-who-uses-a-wheelchair-being-pushed-in-an-off-2024-01-23-00-43-35-utc.jpg","articleSection":["Accessibilit\u00e0"],"inLanguage":"es","potentialAction":[{"@type":"CommentAction","name":"Comment","target":["https:\/\/accessibi.com\/laccessibilita-web-un-obbligo-legale-e-unopportunita-per-il-futuro\/#respond"]}]},{"@type":"WebPage","@id":"https:\/\/accessibi.com\/laccessibilita-web-un-obbligo-legale-e-unopportunita-per-il-futuro\/","url":"https:\/\/accessibi.com\/laccessibilita-web-un-obbligo-legale-e-unopportunita-per-il-futuro\/","name":"Accesibilidad web: una obligaci\u00f3n legal y una oportunidad para el futuro | Accessibi","isPartOf":{"@id":"https:\/\/accessibi.com\/#website"},"primaryImageOfPage":{"@id":"https:\/\/accessibi.com\/laccessibilita-web-un-obbligo-legale-e-unopportunita-per-il-futuro\/#primaryimage"},"image":{"@id":"https:\/\/accessibi.com\/laccessibilita-web-un-obbligo-legale-e-unopportunita-per-il-futuro\/#primaryimage"},"thumbnailUrl":"https:\/\/accessibi.com\/wp-content\/uploads\/2024\/09\/woman-who-uses-a-wheelchair-being-pushed-in-an-off-2024-01-23-00-43-35-utc.jpg","datePublished":"2024-09-21T16:40:50+00:00","breadcrumb":{"@id":"https:\/\/accessibi.com\/laccessibilita-web-un-obbligo-legale-e-unopportunita-per-il-futuro\/#breadcrumb"},"inLanguage":"es","potentialAction":[{"@type":"ReadAction","target":["https:\/\/accessibi.com\/laccessibilita-web-un-obbligo-legale-e-unopportunita-per-il-futuro\/"]}]},{"@type":"ImageObject","inLanguage":"es","@id":"https:\/\/accessibi.com\/laccessibilita-web-un-obbligo-legale-e-unopportunita-per-il-futuro\/#primaryimage","url":"https:\/\/accessibi.com\/wp-content\/uploads\/2024\/09\/woman-who-uses-a-wheelchair-being-pushed-in-an-off-2024-01-23-00-43-35-utc.jpg","contentUrl":"https:\/\/accessibi.com\/wp-content\/uploads\/2024\/09\/woman-who-uses-a-wheelchair-being-pushed-in-an-off-2024-01-23-00-43-35-utc.jpg","width":2400,"height":1597,"caption":"Portrait of a young woman who uses a wheelchair laughing and being pushed in an office chair by an african american male colleague. Other diverse colleagues being blurry in the background. Copy space."},{"@type":"BreadcrumbList","@id":"https:\/\/accessibi.com\/laccessibilita-web-un-obbligo-legale-e-unopportunita-per-il-futuro\/#breadcrumb","itemListElement":[{"@type":"ListItem","position":1,"name":"Home","item":"https:\/\/accessibi.com\/"},{"@type":"ListItem","position":2,"name":"L&#8217;accessibilit\u00e0 web: un obbligo legale e un&#8217;opportunit\u00e0 per il futuro"}]},{"@type":"WebSite","@id":"https:\/\/accessibi.com\/#website","url":"https:\/\/accessibi.com\/","name":"Accessibi","description":"Accesibilidad para todos, sin concesiones","publisher":{"@id":"https:\/\/accessibi.com\/#organization"},"potentialAction":[{"@type":"SearchAction","target":{"@type":"EntryPoint","urlTemplate":"https:\/\/accessibi.com\/?s={search_term_string}"},"query-input":{"@type":"PropertyValueSpecification","valueRequired":true,"valueName":"search_term_string"}}],"inLanguage":"es"},{"@type":"Organization","@id":"https:\/\/accessibi.com\/#organization","name":"Accessibi","url":"https:\/\/accessibi.com\/","logo":{"@type":"ImageObject","inLanguage":"es","@id":"https:\/\/accessibi.com\/#\/schema\/logo\/image\/","url":"https:\/\/accessibi.com\/wp-content\/uploads\/2025\/04\/accessibi-blue.svg","contentUrl":"https:\/\/accessibi.com\/wp-content\/uploads\/2025\/04\/accessibi-blue.svg","width":511,"height":82,"caption":"Accessibi"},"image":{"@id":"https:\/\/accessibi.com\/#\/schema\/logo\/image\/"}},{"@type":"Person","@id":"https:\/\/accessibi.com\/#\/schema\/person\/627c156f54e1f6c145189c948c6286fa","name":"admin","image":{"@type":"ImageObject","inLanguage":"es","@id":"https:\/\/accessibi.com\/#\/schema\/person\/image\/","url":"https:\/\/secure.gravatar.com\/avatar\/e5834dee02af5e414763876af9e2162aec9fc082b14aa685718e54b759d1b861?s=96&d=mm&r=g","contentUrl":"https:\/\/secure.gravatar.com\/avatar\/e5834dee02af5e414763876af9e2162aec9fc082b14aa685718e54b759d1b861?s=96&d=mm&r=g","caption":"admin"},"sameAs":["https:\/\/accessibi.com"],"url":"https:\/\/accessibi.com\/es\/author\/mail_rx1yoewd\/"}]}},"_links":{"self":[{"href":"https:\/\/accessibi.com\/es\/wp-json\/wp\/v2\/posts\/397","targetHints":{"allow":["GET"]}}],"collection":[{"href":"https:\/\/accessibi.com\/es\/wp-json\/wp\/v2\/posts"}],"about":[{"href":"https:\/\/accessibi.com\/es\/wp-json\/wp\/v2\/types\/post"}],"author":[{"embeddable":true,"href":"https:\/\/accessibi.com\/es\/wp-json\/wp\/v2\/users\/1"}],"replies":[{"embeddable":true,"href":"https:\/\/accessibi.com\/es\/wp-json\/wp\/v2\/comments?post=397"}],"version-history":[{"count":0,"href":"https:\/\/accessibi.com\/es\/wp-json\/wp\/v2\/posts\/397\/revisions"}],"wp:featuredmedia":[{"embeddable":true,"href":"https:\/\/accessibi.com\/es\/wp-json\/wp\/v2\/media\/398"}],"wp:attachment":[{"href":"https:\/\/accessibi.com\/es\/wp-json\/wp\/v2\/media?parent=397"}],"wp:term":[{"taxonomy":"category","embeddable":true,"href":"https:\/\/accessibi.com\/es\/wp-json\/wp\/v2\/categories?post=397"},{"taxonomy":"post_tag","embeddable":true,"href":"https:\/\/accessibi.com\/es\/wp-json\/wp\/v2\/tags?post=397"}],"curies":[{"name":"wp","href":"https:\/\/api.w.org\/{rel}","templated":true}]}}