{"id":750,"date":"2025-04-30T22:25:55","date_gmt":"2025-04-30T20:25:55","guid":{"rendered":"https:\/\/accessibi.com\/?p=750"},"modified":"2025-05-01T10:19:24","modified_gmt":"2025-05-01T08:19:24","slug":"pakollinen-verkkosivujen-saavutettavuus-euroopassa-mita-muutoksia-eri-eu-maissa-tapahtuu","status":"publish","type":"post","link":"https:\/\/accessibi.com\/fi\/pakollinen-verkkosivujen-saavutettavuus-euroopassa-mita-muutoksia-eri-eu-maissa-tapahtuu\/","title":{"rendered":"Pakollinen verkkosivujen saavutettavuus Euroopassa: mit\u00e4 muutoksia eri EU-maissa tapahtuu?"},"content":{"rendered":"<p>Kes\u00e4kuun 28. p\u00e4iv\u00e4st\u00e4 2025 alkaen<strong>Euroopan esteett\u00f6myyslaki (EAA)<\/strong>eurooppalainen direktiivi, jonka mukaan esteett\u00f6myys on pakollista monissa eri <strong>digitaaliset tuotteet ja palvelut<\/strong> kaikissa EU:n j\u00e4senvaltioissa. T\u00e4m\u00e4 merkitsee k\u00e4\u00e4nnekohtaa Euroopan digitaalisilla markkinoilla: yritykset eiv\u00e4t en\u00e4\u00e4 voi sivuuttaa saavutettavuutta seuraamusten ja koko yleis\u00f6n ulkopuolelle sulkemisen uhalla.<\/p>\n\n\n\n<p>Mutta mit\u00e4 EAA:ssa s\u00e4\u00e4det\u00e4\u00e4n, miten sit\u00e4 sovelletaan Euroopan eri maissa ja mit\u00e4 yritysten on k\u00e4yt\u00e4nn\u00f6ss\u00e4 teht\u00e4v\u00e4 noudattaakseen sit\u00e4?<\/p>\n\n\n\n<h3 class=\"wp-block-heading\">Mik\u00e4 on eurooppalainen esteett\u00f6myyslaki<\/h3>\n\n\n\n<p>Vuonna 2019 hyv\u00e4ksytty<strong>EAA (EU-direktiivi 2019\/882)<\/strong> tavoitteena on varmistaa <strong>yht\u00e4l\u00e4inen p\u00e4\u00e4sy<\/strong> digitaalisten tavaroiden ja palvelujen saatavuus vammaisille kaikkialla EU:ssa. Kyseess\u00e4 ovat muun muassa seuraavat alat:<\/p>\n\n\n\n<ul class=\"wp-block-list\">\n<li>s\u00e4hk\u00f6isen kaupank\u00e4ynnin verkkosivustot ja sovellukset<\/li>\n\n\n\n<li>verkkopankkipalvelut<\/li>\n\n\n\n<li>liikennealustat ja s\u00e4hk\u00f6inen lipunmyynti<\/li>\n\n\n\n<li>e-kirjan lukijat<\/li>\n\n\n\n<li>elektroniset laitteet, kuten \u00e4lypuhelimet, maksup\u00e4\u00e4tteet ja pankkiautomaatit<\/li>\n\n\n\n<li>audiovisuaaliset palvelut ja digitaalinen viestint\u00e4<\/li>\n<\/ul>\n\n\n\n<p>Kunkin j\u00e4senvaltion oli saatettava direktiivi osaksi kansallista lains\u00e4\u00e4d\u00e4nt\u00f6\u00e4\u00e4n 28. kes\u00e4kuuta 2022 menness\u00e4, kun taas pakollinen soveltaminen aloitetaan. <strong>28. kes\u00e4kuuta 2025 alkaen<\/strong>.<\/p>\n\n\n\n<h3 class=\"wp-block-heading\">Mit\u00e4 standardeja noudatetaan<\/h3>\n\n\n\n<p>Yleinen tekninen viite on <strong>WCAG 2.1 (Verkkosis\u00e4ll\u00f6n saavutettavuusohjeet)<\/strong>joissa m\u00e4\u00e4ritell\u00e4\u00e4n kansainv\u00e4liset kriteerit verkkosis\u00e4ll\u00f6n ja mobiilisovellusten saavutettavuuden varmistamiseksi. WCAG perustuu nelj\u00e4\u00e4n perusperiaatteeseen: <strong>Havaittavissa, K\u00e4ytett\u00e4viss\u00e4, Ymm\u00e4rrett\u00e4viss\u00e4, Vankka<\/strong>.<\/p>\n\n\n\n<h2 class=\"wp-block-heading\">Miten esteett\u00f6myytt\u00e4 sovelletaan t\u00e4rkeimmiss\u00e4 EU-maissa?<\/h2>\n\n\n\n<h3 class=\"wp-block-heading\">\ud83c\uddee\ud83c\uddf9 Italia<\/h3>\n\n\n\n<p>Italiassa maatalouden taloustoimisto saatettiin osaksi kansallista lains\u00e4\u00e4d\u00e4nt\u00f6\u00e4 seuraavilla s\u00e4\u00e4d\u00f6ksill\u00e4 <strong>Lains\u00e4\u00e4d\u00e4nt\u00f6asetus 82\/2022<\/strong>. Yksityisten yritysten, jotka tarjoavat digitaalisia palveluja yleis\u00f6lle, on varmistettava vaatimustenmukaisuus vuoteen 2025 menness\u00e4. Valvonta on annettu Agenzia per l'Italia Digitale (AgID) -viraston teht\u00e4v\u00e4ksi. Julkishallintoa koskee jo nyt saavutettavuusvelvoite (Stanca-laki vuodelta 2004, jota on p\u00e4ivitetty ajan my\u00f6t\u00e4).<\/p>\n\n\n\n<h3 class=\"wp-block-heading\">\ud83c\uddeb\ud83c\uddf7 Ranska<\/h3>\n\n\n\n<p>Ranska saattoi Euroopan laajuisen toimintasuunnitelman osaksi kansallista lains\u00e4\u00e4d\u00e4nt\u00f6\u00e4\u00e4n vuonna 2022 ja sis\u00e4llytti sen digitaalista saavutettavuutta koskevaan lakiin (Loi pour une R\u00e9publique num\u00e9rique). Vastuuviranomainen on <strong>DINUM<\/strong> (Direction interminist\u00e9rielle du num\u00e9rique). Yritysten on ilmoitettava vaatimustenmukaisuudesta sivustollaan seuraavalla tavalla <strong>esteett\u00f6myysilmoitus<\/strong>.<\/p>\n\n\n\n<h3 class=\"wp-block-heading\">\ud83c\udde9\ud83c\uddea Saksa<\/h3>\n\n\n\n<p>Saksassa digitaalista saavutettavuutta s\u00e4\u00e4nnell\u00e4\u00e4n digitaalisesta saavutettavuudesta annetulla <strong>Barrierefreiheitsst\u00e4rkungsgesetz<\/strong>Maatalouden taloustilien siirt\u00e4minen. Vastuullinen elin on <strong>Bundesministerium f\u00fcr Arbeit und Soziales<\/strong>. Yksityisten yritysten on varmistettava digitaalisten palvelujen saatavuus vuoteen 2025 menness\u00e4, kun taas julkinen sektori on jo nyt velvollinen.<\/p>\n\n\n\n<h3 class=\"wp-block-heading\">\ud83c\uddea\ud83c\uddf8 Espanja<\/h3>\n\n\n\n<p>Espanja on sis\u00e4llytt\u00e4nyt maatalouden taloustoimenpiteet lains\u00e4\u00e4d\u00e4nt\u00f6\u00f6ns\u00e4 <strong>Kuninkaallinen asetus 1112\/2018<\/strong>. L'<strong>Observatorio de Accesibilidad Web (verkkosivujen saavutettavuuden seurantakeskus)<\/strong> on elin, joka valvoo s\u00e4\u00e4nt\u00f6jen noudattamista. Kaikkien julkisten sivustojen ja suurten yksityisten yritysten on oltava k\u00e4ytett\u00e4viss\u00e4 m\u00e4\u00e4r\u00e4aikaan menness\u00e4, ja noudattamatta j\u00e4tt\u00e4misest\u00e4 on m\u00e4\u00e4r\u00e4tt\u00e4v\u00e4 tarkastuksia ja seuraamuksia.<\/p>\n\n\n\n<h3 class=\"wp-block-heading\">\ud83c\uddf3\ud83c\uddf1 Alankomaat<\/h3>\n\n\n\n<p>Alankomaissa s\u00e4\u00e4nn\u00f6kset saatettiin osaksi kansallista lains\u00e4\u00e4d\u00e4nt\u00f6\u00e4 seuraavin keinoin<strong>Esteett\u00f6myyslain t\u00e4yt\u00e4nt\u00f6\u00f6npanolaki<\/strong>. Hallitus vaatii yrityksi\u00e4 julkaisemaan <strong>esteett\u00f6myysvakuutus (Toegankelijkheidsverklaring)<\/strong> ja noudattamaan WCAG 2.1 -standardia. Julkinen sektori on jo nyt vaatimusten mukainen.<\/p>\n\n\n\n<h3 class=\"wp-block-heading\">\ud83c\udde7\ud83c\uddea Belgia<\/h3>\n\n\n\n<p>Belgia on mukauttanut kansallisen lains\u00e4\u00e4d\u00e4nt\u00f6ns\u00e4 eurooppalaiseen toimintasuunnitelmaan ja edellytt\u00e4\u00e4, ett\u00e4 kaikki julkiset ja yksityiset digitaaliset sivustot ja palvelut ovat esteett\u00f6mi\u00e4. . <strong>SPF BOSA<\/strong> tarjoaa ohjeita ja itsearviointiv\u00e4lineit\u00e4, jotka auttavat yrityksi\u00e4 siirtymisess\u00e4.<\/p>\n\n\n\n<h3 class=\"wp-block-heading\">Mit\u00e4 yritysten on nyt teht\u00e4v\u00e4<\/h3>\n\n\n\n<p>Kun vuosi 2025 on aivan nurkan takana, on ratkaisevan t\u00e4rke\u00e4\u00e4, - <strong>toimi nyt<\/strong>:<\/p>\n\n\n\n<ol class=\"wp-block-list\">\n<li><strong>Verkkosivuston nykytilan analysointi<\/strong> WCAG-standardien mukaisesti<\/li>\n\n\n\n<li><strong>Esteiden tunnistaminen<\/strong> k\u00e4ytt\u00e4jille, joilla on n\u00e4k\u00f6-, kuulo-, liikunta- tai kognitiivinen vamma.<\/li>\n\n\n\n<li><strong>Kuvien, painikkeiden, lomakkeiden ja tekstisis\u00e4ll\u00f6n saatavuuden parantaminen.<\/strong><\/li>\n\n\n\n<li><strong>N\u00e4pp\u00e4imist\u00f6n navigoinnin ja ruudunlukuohjelman yhteensopivuuden varmistaminen<\/strong><\/li>\n\n\n\n<li><strong>Saavutettavuusilmoituksen julkaiseminen<\/strong> p\u00e4ivitet\u00e4\u00e4n tarvittaessa<\/li>\n<\/ol>\n\n\n\n<h3 class=\"wp-block-heading\">Miksi luottaa Accessibin kaltaisiin ammattilaisiin<\/h3>\n\n\n\n<p>Osoitteessa <strong>Accessibi<\/strong>yritykset voivat luottaa kattavaan tekniseen ja strategiseen tukeen:<\/p>\n\n\n\n<ul class=\"wp-block-list\">\n<li>R\u00e4\u00e4t\u00e4l\u00f6idyt esteett\u00f6myystarkastukset<\/li>\n\n\n\n<li>WCAG 2.1:n mukainen mukautus<\/li>\n\n\n\n<li>Nopeiden ja skaalautuvien ratkaisujen toteuttaminen<\/li>\n\n\n\n<li>Jatkuva seuranta ja p\u00e4ivitykset<\/li>\n\n\n\n<li>Oikeudellinen apu tarkastusten tai oikeudenk\u00e4yntien yhteydess\u00e4<\/li>\n<\/ul>\n\n\n\n<p>Digitaalisesta saavutettavuudesta on tulossa <strong>v\u00e4ltt\u00e4m\u00e4t\u00f6n edellytys lailliselle ja vastuulliselle toiminnalle<\/strong> Euroopassa. Kyse ei ole vain standardin noudattamisesta, vaan siit\u00e4, ett\u00e4 <strong>avaa ovet miljoonille k\u00e4ytt\u00e4jille<\/strong>parantaa digitaalista kokemusta ja vahvistaa br\u00e4ndin mainetta.<\/p>\n\n\n\n<p><strong>Accessibin avulla yritykset voivat vastata t\u00e4h\u00e4n haasteeseen luottavaisesti ja p\u00e4tev\u00e4sti.<\/strong> Valmistaudu jo t\u00e4n\u00e4\u00e4n ja tee saavutettavuudesta kilpailuetu.<\/p>","protected":false},"excerpt":{"rendered":"<p>A partire dal 28 giugno 2025, entrer\u00e0 pienamente in vigore l\u2019European Accessibility Act (EAA), la direttiva europea che rende obbligatoria l\u2019accessibilit\u00e0 per una vasta gamma di prodotti e servizi digitali in tutti gli Stati membri dell\u2019Unione Europea. Questo segna un punto di svolta per il mercato digitale europeo: le aziende non potranno pi\u00f9 ignorare l\u2019accessibilit\u00e0, [&hellip;]<\/p>","protected":false},"author":1,"featured_media":751,"comment_status":"open","ping_status":"open","sticky":false,"template":"","format":"standard","meta":{"footnotes":""},"categories":[10],"tags":[],"class_list":["post-750","post","type-post","status-publish","format-standard","has-post-thumbnail","hentry","category-accessibilita"],"yoast_head":"<!-- This site is optimized with the Yoast SEO plugin v26.3 - https:\/\/yoast.com\/wordpress\/plugins\/seo\/ -->\n<title>Accessibilit\u00e0 web obbligatoria in Europa: cosa cambia nei diversi Paesi dell\u2019UE | Accessibi<\/title>\n<meta name=\"description\" content=\"A partire dal 28 giugno 2025, entrer\u00e0 pienamente in vigore l\u2019European Accessibility Act (EAA), la direttiva europea che rende obbligatoria l\u2019accessibilit\u00e0 per una vasta gamma di prodotti e servizi digitali in tutti gli Stati membri dell\u2019Unione Europea. Questo segna un punto di svolta per il mercato digitale europeo: le aziende non potranno pi\u00f9 ignorare l\u2019accessibilit\u00e0, pena sanzioni e l\u2019esclusione da intere fasce di pubblico.\" \/>\n<meta name=\"robots\" content=\"index, follow, max-snippet:-1, max-image-preview:large, max-video-preview:-1\" \/>\n<link rel=\"canonical\" href=\"https:\/\/accessibi.com\/fi\/pakollinen-verkkosivujen-saavutettavuus-euroopassa-mita-muutoksia-eri-eu-maissa-tapahtuu\/\" \/>\n<meta property=\"og:locale\" content=\"fi_FI\" \/>\n<meta property=\"og:type\" content=\"article\" \/>\n<meta property=\"og:title\" content=\"Accessibilit\u00e0 web obbligatoria in Europa: cosa cambia nei diversi Paesi dell\u2019UE | Accessibi\" \/>\n<meta property=\"og:description\" content=\"A partire dal 28 giugno 2025, entrer\u00e0 pienamente in vigore l\u2019European Accessibility Act (EAA), la direttiva europea che rende obbligatoria l\u2019accessibilit\u00e0 per una vasta gamma di prodotti e servizi digitali in tutti gli Stati membri dell\u2019Unione Europea. Questo segna un punto di svolta per il mercato digitale europeo: le aziende non potranno pi\u00f9 ignorare l\u2019accessibilit\u00e0, pena sanzioni e l\u2019esclusione da intere fasce di pubblico.\" \/>\n<meta property=\"og:url\" content=\"https:\/\/accessibi.com\/fi\/pakollinen-verkkosivujen-saavutettavuus-euroopassa-mita-muutoksia-eri-eu-maissa-tapahtuu\/\" \/>\n<meta property=\"og:site_name\" content=\"Accessibi\" \/>\n<meta property=\"article:published_time\" content=\"2025-04-30T20:25:55+00:00\" \/>\n<meta property=\"article:modified_time\" content=\"2025-05-01T08:19:24+00:00\" \/>\n<meta property=\"og:image\" content=\"https:\/\/accessibi.com\/wp-content\/uploads\/2025\/04\/european-union-eu-flag-waving-in-clear-blue-sky-2025-03-05-03-54-05-utc.jpg\" \/>\n\t<meta property=\"og:image:width\" content=\"2400\" \/>\n\t<meta property=\"og:image:height\" content=\"1601\" \/>\n\t<meta property=\"og:image:type\" content=\"image\/jpeg\" \/>\n<meta name=\"author\" content=\"admin\" \/>\n<meta name=\"twitter:card\" content=\"summary_large_image\" \/>\n<meta name=\"twitter:label1\" content=\"Kirjoittanut\" \/>\n\t<meta name=\"twitter:data1\" content=\"admin\" \/>\n\t<meta name=\"twitter:label2\" content=\"Arvioitu lukuaika\" \/>\n\t<meta name=\"twitter:data2\" content=\"4 minuuttia\" \/>\n<script type=\"application\/ld+json\" class=\"yoast-schema-graph\">{\"@context\":\"https:\/\/schema.org\",\"@graph\":[{\"@type\":\"Article\",\"@id\":\"https:\/\/accessibi.com\/accessibilita-web-obbligatoria-in-europa-cosa-cambia-nei-diversi-paesi-dellue\/#article\",\"isPartOf\":{\"@id\":\"https:\/\/accessibi.com\/accessibilita-web-obbligatoria-in-europa-cosa-cambia-nei-diversi-paesi-dellue\/\"},\"author\":{\"name\":\"admin\",\"@id\":\"https:\/\/accessibi.com\/#\/schema\/person\/627c156f54e1f6c145189c948c6286fa\"},\"headline\":\"Accessibilit\u00e0 web obbligatoria in Europa: cosa cambia nei diversi Paesi dell\u2019UE\",\"datePublished\":\"2025-04-30T20:25:55+00:00\",\"dateModified\":\"2025-05-01T08:19:24+00:00\",\"mainEntityOfPage\":{\"@id\":\"https:\/\/accessibi.com\/accessibilita-web-obbligatoria-in-europa-cosa-cambia-nei-diversi-paesi-dellue\/\"},\"wordCount\":671,\"commentCount\":0,\"publisher\":{\"@id\":\"https:\/\/accessibi.com\/#organization\"},\"image\":{\"@id\":\"https:\/\/accessibi.com\/accessibilita-web-obbligatoria-in-europa-cosa-cambia-nei-diversi-paesi-dellue\/#primaryimage\"},\"thumbnailUrl\":\"https:\/\/accessibi.com\/wp-content\/uploads\/2025\/04\/european-union-eu-flag-waving-in-clear-blue-sky-2025-03-05-03-54-05-utc.jpg\",\"articleSection\":[\"Accessibilit\u00e0\"],\"inLanguage\":\"fi\",\"potentialAction\":[{\"@type\":\"CommentAction\",\"name\":\"Comment\",\"target\":[\"https:\/\/accessibi.com\/accessibilita-web-obbligatoria-in-europa-cosa-cambia-nei-diversi-paesi-dellue\/#respond\"]}]},{\"@type\":\"WebPage\",\"@id\":\"https:\/\/accessibi.com\/accessibilita-web-obbligatoria-in-europa-cosa-cambia-nei-diversi-paesi-dellue\/\",\"url\":\"https:\/\/accessibi.com\/accessibilita-web-obbligatoria-in-europa-cosa-cambia-nei-diversi-paesi-dellue\/\",\"name\":\"Accessibilit\u00e0 web obbligatoria in Europa: cosa cambia nei diversi Paesi dell\u2019UE | Accessibi\",\"isPartOf\":{\"@id\":\"https:\/\/accessibi.com\/#website\"},\"primaryImageOfPage\":{\"@id\":\"https:\/\/accessibi.com\/accessibilita-web-obbligatoria-in-europa-cosa-cambia-nei-diversi-paesi-dellue\/#primaryimage\"},\"image\":{\"@id\":\"https:\/\/accessibi.com\/accessibilita-web-obbligatoria-in-europa-cosa-cambia-nei-diversi-paesi-dellue\/#primaryimage\"},\"thumbnailUrl\":\"https:\/\/accessibi.com\/wp-content\/uploads\/2025\/04\/european-union-eu-flag-waving-in-clear-blue-sky-2025-03-05-03-54-05-utc.jpg\",\"datePublished\":\"2025-04-30T20:25:55+00:00\",\"dateModified\":\"2025-05-01T08:19:24+00:00\",\"description\":\"A partire dal 28 giugno 2025, entrer\u00e0 pienamente in vigore l\u2019European Accessibility Act (EAA), la direttiva europea che rende obbligatoria l\u2019accessibilit\u00e0 per una vasta gamma di prodotti e servizi digitali in tutti gli Stati membri dell\u2019Unione Europea. Questo segna un punto di svolta per il mercato digitale europeo: le aziende non potranno pi\u00f9 ignorare l\u2019accessibilit\u00e0, pena sanzioni e l\u2019esclusione da intere fasce di pubblico.\",\"breadcrumb\":{\"@id\":\"https:\/\/accessibi.com\/accessibilita-web-obbligatoria-in-europa-cosa-cambia-nei-diversi-paesi-dellue\/#breadcrumb\"},\"inLanguage\":\"fi\",\"potentialAction\":[{\"@type\":\"ReadAction\",\"target\":[\"https:\/\/accessibi.com\/accessibilita-web-obbligatoria-in-europa-cosa-cambia-nei-diversi-paesi-dellue\/\"]}]},{\"@type\":\"ImageObject\",\"inLanguage\":\"fi\",\"@id\":\"https:\/\/accessibi.com\/accessibilita-web-obbligatoria-in-europa-cosa-cambia-nei-diversi-paesi-dellue\/#primaryimage\",\"url\":\"https:\/\/accessibi.com\/wp-content\/uploads\/2025\/04\/european-union-eu-flag-waving-in-clear-blue-sky-2025-03-05-03-54-05-utc.jpg\",\"contentUrl\":\"https:\/\/accessibi.com\/wp-content\/uploads\/2025\/04\/european-union-eu-flag-waving-in-clear-blue-sky-2025-03-05-03-54-05-utc.jpg\",\"width\":2400,\"height\":1601,\"caption\":\"European Union EU flag flying and waving in the wind over clear blue sky, symbol of European patriotism, low angle, side view\"},{\"@type\":\"BreadcrumbList\",\"@id\":\"https:\/\/accessibi.com\/accessibilita-web-obbligatoria-in-europa-cosa-cambia-nei-diversi-paesi-dellue\/#breadcrumb\",\"itemListElement\":[{\"@type\":\"ListItem\",\"position\":1,\"name\":\"Home\",\"item\":\"https:\/\/accessibi.com\/\"},{\"@type\":\"ListItem\",\"position\":2,\"name\":\"Accessibilit\u00e0 web obbligatoria in Europa: cosa cambia nei diversi Paesi dell\u2019UE\"}]},{\"@type\":\"WebSite\",\"@id\":\"https:\/\/accessibi.com\/#website\",\"url\":\"https:\/\/accessibi.com\/\",\"name\":\"Accessibi\",\"description\":\"Accessibilit\u00e0 per tutti, senza compromessi\",\"publisher\":{\"@id\":\"https:\/\/accessibi.com\/#organization\"},\"potentialAction\":[{\"@type\":\"SearchAction\",\"target\":{\"@type\":\"EntryPoint\",\"urlTemplate\":\"https:\/\/accessibi.com\/?s={search_term_string}\"},\"query-input\":{\"@type\":\"PropertyValueSpecification\",\"valueRequired\":true,\"valueName\":\"search_term_string\"}}],\"inLanguage\":\"fi\"},{\"@type\":\"Organization\",\"@id\":\"https:\/\/accessibi.com\/#organization\",\"name\":\"Accessibi\",\"url\":\"https:\/\/accessibi.com\/\",\"logo\":{\"@type\":\"ImageObject\",\"inLanguage\":\"fi\",\"@id\":\"https:\/\/accessibi.com\/#\/schema\/logo\/image\/\",\"url\":\"https:\/\/accessibi.com\/wp-content\/uploads\/2025\/04\/accessibi-blue.svg\",\"contentUrl\":\"https:\/\/accessibi.com\/wp-content\/uploads\/2025\/04\/accessibi-blue.svg\",\"width\":511,\"height\":82,\"caption\":\"Accessibi\"},\"image\":{\"@id\":\"https:\/\/accessibi.com\/#\/schema\/logo\/image\/\"}},{\"@type\":\"Person\",\"@id\":\"https:\/\/accessibi.com\/#\/schema\/person\/627c156f54e1f6c145189c948c6286fa\",\"name\":\"admin\",\"image\":{\"@type\":\"ImageObject\",\"inLanguage\":\"fi\",\"@id\":\"https:\/\/accessibi.com\/#\/schema\/person\/image\/\",\"url\":\"https:\/\/secure.gravatar.com\/avatar\/e5834dee02af5e414763876af9e2162aec9fc082b14aa685718e54b759d1b861?s=96&d=mm&r=g\",\"contentUrl\":\"https:\/\/secure.gravatar.com\/avatar\/e5834dee02af5e414763876af9e2162aec9fc082b14aa685718e54b759d1b861?s=96&d=mm&r=g\",\"caption\":\"admin\"},\"sameAs\":[\"https:\/\/accessibi.com\"],\"url\":\"https:\/\/accessibi.com\/fi\/author\/mail_rx1yoewd\/\"}]}<\/script>\n<!-- \/ Yoast SEO plugin. -->","yoast_head_json":{"title":"Pakollinen verkkosivujen saavutettavuus Euroopassa: mit\u00e4 muutoksia eri EU-maissa tapahtuu | Accessibi","description":"Kes\u00e4kuun 28. p\u00e4iv\u00e4st\u00e4 2025 alkaen tulee t\u00e4ysim\u00e4\u00e4r\u00e4isesti voimaan eurooppalainen esteett\u00f6myyslaki (European Accessibility Act, EAA), eurooppalainen direktiivi, joka tekee esteett\u00f6myydest\u00e4 pakollista monille digitaalisille tuotteille ja palveluille kaikissa EU:n j\u00e4senvaltioissa. T\u00e4m\u00e4 merkitsee k\u00e4\u00e4nnekohtaa Euroopan digitaalisilla markkinoilla: yritykset eiv\u00e4t en\u00e4\u00e4 voi sivuuttaa esteett\u00f6myytt\u00e4 sanktioiden ja koko yleis\u00f6n ulkopuolelle sulkemisen uhalla.","robots":{"index":"index","follow":"follow","max-snippet":"max-snippet:-1","max-image-preview":"max-image-preview:large","max-video-preview":"max-video-preview:-1"},"canonical":"https:\/\/accessibi.com\/fi\/pakollinen-verkkosivujen-saavutettavuus-euroopassa-mita-muutoksia-eri-eu-maissa-tapahtuu\/","og_locale":"fi_FI","og_type":"article","og_title":"Accessibilit\u00e0 web obbligatoria in Europa: cosa cambia nei diversi Paesi dell\u2019UE | Accessibi","og_description":"A partire dal 28 giugno 2025, entrer\u00e0 pienamente in vigore l\u2019European Accessibility Act (EAA), la direttiva europea che rende obbligatoria l\u2019accessibilit\u00e0 per una vasta gamma di prodotti e servizi digitali in tutti gli Stati membri dell\u2019Unione Europea. Questo segna un punto di svolta per il mercato digitale europeo: le aziende non potranno pi\u00f9 ignorare l\u2019accessibilit\u00e0, pena sanzioni e l\u2019esclusione da intere fasce di pubblico.","og_url":"https:\/\/accessibi.com\/fi\/pakollinen-verkkosivujen-saavutettavuus-euroopassa-mita-muutoksia-eri-eu-maissa-tapahtuu\/","og_site_name":"Accessibi","article_published_time":"2025-04-30T20:25:55+00:00","article_modified_time":"2025-05-01T08:19:24+00:00","og_image":[{"width":2400,"height":1601,"url":"https:\/\/accessibi.com\/wp-content\/uploads\/2025\/04\/european-union-eu-flag-waving-in-clear-blue-sky-2025-03-05-03-54-05-utc.jpg","type":"image\/jpeg"}],"author":"admin","twitter_card":"summary_large_image","twitter_misc":{"Kirjoittanut":"admin","Arvioitu lukuaika":"4 minuuttia"},"schema":{"@context":"https:\/\/schema.org","@graph":[{"@type":"Article","@id":"https:\/\/accessibi.com\/accessibilita-web-obbligatoria-in-europa-cosa-cambia-nei-diversi-paesi-dellue\/#article","isPartOf":{"@id":"https:\/\/accessibi.com\/accessibilita-web-obbligatoria-in-europa-cosa-cambia-nei-diversi-paesi-dellue\/"},"author":{"name":"admin","@id":"https:\/\/accessibi.com\/#\/schema\/person\/627c156f54e1f6c145189c948c6286fa"},"headline":"Accessibilit\u00e0 web obbligatoria in Europa: cosa cambia nei diversi Paesi dell\u2019UE","datePublished":"2025-04-30T20:25:55+00:00","dateModified":"2025-05-01T08:19:24+00:00","mainEntityOfPage":{"@id":"https:\/\/accessibi.com\/accessibilita-web-obbligatoria-in-europa-cosa-cambia-nei-diversi-paesi-dellue\/"},"wordCount":671,"commentCount":0,"publisher":{"@id":"https:\/\/accessibi.com\/#organization"},"image":{"@id":"https:\/\/accessibi.com\/accessibilita-web-obbligatoria-in-europa-cosa-cambia-nei-diversi-paesi-dellue\/#primaryimage"},"thumbnailUrl":"https:\/\/accessibi.com\/wp-content\/uploads\/2025\/04\/european-union-eu-flag-waving-in-clear-blue-sky-2025-03-05-03-54-05-utc.jpg","articleSection":["Accessibilit\u00e0"],"inLanguage":"fi","potentialAction":[{"@type":"CommentAction","name":"Comment","target":["https:\/\/accessibi.com\/accessibilita-web-obbligatoria-in-europa-cosa-cambia-nei-diversi-paesi-dellue\/#respond"]}]},{"@type":"WebPage","@id":"https:\/\/accessibi.com\/accessibilita-web-obbligatoria-in-europa-cosa-cambia-nei-diversi-paesi-dellue\/","url":"https:\/\/accessibi.com\/accessibilita-web-obbligatoria-in-europa-cosa-cambia-nei-diversi-paesi-dellue\/","name":"Pakollinen verkkosivujen saavutettavuus Euroopassa: mit\u00e4 muutoksia eri EU-maissa tapahtuu | Accessibi","isPartOf":{"@id":"https:\/\/accessibi.com\/#website"},"primaryImageOfPage":{"@id":"https:\/\/accessibi.com\/accessibilita-web-obbligatoria-in-europa-cosa-cambia-nei-diversi-paesi-dellue\/#primaryimage"},"image":{"@id":"https:\/\/accessibi.com\/accessibilita-web-obbligatoria-in-europa-cosa-cambia-nei-diversi-paesi-dellue\/#primaryimage"},"thumbnailUrl":"https:\/\/accessibi.com\/wp-content\/uploads\/2025\/04\/european-union-eu-flag-waving-in-clear-blue-sky-2025-03-05-03-54-05-utc.jpg","datePublished":"2025-04-30T20:25:55+00:00","dateModified":"2025-05-01T08:19:24+00:00","description":"Kes\u00e4kuun 28. p\u00e4iv\u00e4st\u00e4 2025 alkaen tulee t\u00e4ysim\u00e4\u00e4r\u00e4isesti voimaan eurooppalainen esteett\u00f6myyslaki (European Accessibility Act, EAA), eurooppalainen direktiivi, joka tekee esteett\u00f6myydest\u00e4 pakollista monille digitaalisille tuotteille ja palveluille kaikissa EU:n j\u00e4senvaltioissa. T\u00e4m\u00e4 merkitsee k\u00e4\u00e4nnekohtaa Euroopan digitaalisilla markkinoilla: yritykset eiv\u00e4t en\u00e4\u00e4 voi sivuuttaa esteett\u00f6myytt\u00e4 sanktioiden ja koko yleis\u00f6n ulkopuolelle sulkemisen uhalla.","breadcrumb":{"@id":"https:\/\/accessibi.com\/accessibilita-web-obbligatoria-in-europa-cosa-cambia-nei-diversi-paesi-dellue\/#breadcrumb"},"inLanguage":"fi","potentialAction":[{"@type":"ReadAction","target":["https:\/\/accessibi.com\/accessibilita-web-obbligatoria-in-europa-cosa-cambia-nei-diversi-paesi-dellue\/"]}]},{"@type":"ImageObject","inLanguage":"fi","@id":"https:\/\/accessibi.com\/accessibilita-web-obbligatoria-in-europa-cosa-cambia-nei-diversi-paesi-dellue\/#primaryimage","url":"https:\/\/accessibi.com\/wp-content\/uploads\/2025\/04\/european-union-eu-flag-waving-in-clear-blue-sky-2025-03-05-03-54-05-utc.jpg","contentUrl":"https:\/\/accessibi.com\/wp-content\/uploads\/2025\/04\/european-union-eu-flag-waving-in-clear-blue-sky-2025-03-05-03-54-05-utc.jpg","width":2400,"height":1601,"caption":"European Union EU flag flying and waving in the wind over clear blue sky, symbol of European patriotism, low angle, side view"},{"@type":"BreadcrumbList","@id":"https:\/\/accessibi.com\/accessibilita-web-obbligatoria-in-europa-cosa-cambia-nei-diversi-paesi-dellue\/#breadcrumb","itemListElement":[{"@type":"ListItem","position":1,"name":"Home","item":"https:\/\/accessibi.com\/"},{"@type":"ListItem","position":2,"name":"Accessibilit\u00e0 web obbligatoria in Europa: cosa cambia nei diversi Paesi dell\u2019UE"}]},{"@type":"WebSite","@id":"https:\/\/accessibi.com\/#website","url":"https:\/\/accessibi.com\/","name":"Accessibi","description":"Saavutettavuus kaikille ilman kompromisseja","publisher":{"@id":"https:\/\/accessibi.com\/#organization"},"potentialAction":[{"@type":"SearchAction","target":{"@type":"EntryPoint","urlTemplate":"https:\/\/accessibi.com\/?s={search_term_string}"},"query-input":{"@type":"PropertyValueSpecification","valueRequired":true,"valueName":"search_term_string"}}],"inLanguage":"fi"},{"@type":"Organization","@id":"https:\/\/accessibi.com\/#organization","name":"Accessibi","url":"https:\/\/accessibi.com\/","logo":{"@type":"ImageObject","inLanguage":"fi","@id":"https:\/\/accessibi.com\/#\/schema\/logo\/image\/","url":"https:\/\/accessibi.com\/wp-content\/uploads\/2025\/04\/accessibi-blue.svg","contentUrl":"https:\/\/accessibi.com\/wp-content\/uploads\/2025\/04\/accessibi-blue.svg","width":511,"height":82,"caption":"Accessibi"},"image":{"@id":"https:\/\/accessibi.com\/#\/schema\/logo\/image\/"}},{"@type":"Person","@id":"https:\/\/accessibi.com\/#\/schema\/person\/627c156f54e1f6c145189c948c6286fa","name":"admin","image":{"@type":"ImageObject","inLanguage":"fi","@id":"https:\/\/accessibi.com\/#\/schema\/person\/image\/","url":"https:\/\/secure.gravatar.com\/avatar\/e5834dee02af5e414763876af9e2162aec9fc082b14aa685718e54b759d1b861?s=96&d=mm&r=g","contentUrl":"https:\/\/secure.gravatar.com\/avatar\/e5834dee02af5e414763876af9e2162aec9fc082b14aa685718e54b759d1b861?s=96&d=mm&r=g","caption":"admin"},"sameAs":["https:\/\/accessibi.com"],"url":"https:\/\/accessibi.com\/fi\/author\/mail_rx1yoewd\/"}]}},"_links":{"self":[{"href":"https:\/\/accessibi.com\/fi\/wp-json\/wp\/v2\/posts\/750","targetHints":{"allow":["GET"]}}],"collection":[{"href":"https:\/\/accessibi.com\/fi\/wp-json\/wp\/v2\/posts"}],"about":[{"href":"https:\/\/accessibi.com\/fi\/wp-json\/wp\/v2\/types\/post"}],"author":[{"embeddable":true,"href":"https:\/\/accessibi.com\/fi\/wp-json\/wp\/v2\/users\/1"}],"replies":[{"embeddable":true,"href":"https:\/\/accessibi.com\/fi\/wp-json\/wp\/v2\/comments?post=750"}],"version-history":[{"count":2,"href":"https:\/\/accessibi.com\/fi\/wp-json\/wp\/v2\/posts\/750\/revisions"}],"predecessor-version":[{"id":760,"href":"https:\/\/accessibi.com\/fi\/wp-json\/wp\/v2\/posts\/750\/revisions\/760"}],"wp:featuredmedia":[{"embeddable":true,"href":"https:\/\/accessibi.com\/fi\/wp-json\/wp\/v2\/media\/751"}],"wp:attachment":[{"href":"https:\/\/accessibi.com\/fi\/wp-json\/wp\/v2\/media?parent=750"}],"wp:term":[{"taxonomy":"category","embeddable":true,"href":"https:\/\/accessibi.com\/fi\/wp-json\/wp\/v2\/categories?post=750"},{"taxonomy":"post_tag","embeddable":true,"href":"https:\/\/accessibi.com\/fi\/wp-json\/wp\/v2\/tags?post=750"}],"curies":[{"name":"wp","href":"https:\/\/api.w.org\/{rel}","templated":true}]}}