{"id":389,"date":"2024-09-21T16:26:00","date_gmt":"2024-09-21T16:26:00","guid":{"rendered":"https:\/\/accessibi.com\/?p=304"},"modified":"2024-09-21T16:26:00","modified_gmt":"2024-09-21T16:26:00","slug":"miert-jelent-a-jovobe-valo-befektetes-ha-webhelyet-akadalymentesse-tesszuk","status":"publish","type":"post","link":"https:\/\/accessibi.com\/hu\/miert-jelent-a-jovobe-valo-befektetes-ha-webhelyet-akadalymentesse-tesszuk\/","title":{"rendered":"Mi\u00e9rt jelent beruh\u00e1z\u00e1st a j\u00f6v\u0151be, ha webhely\u00e9t akad\u00e1lymentess\u00e9 teszi"},"content":{"rendered":"<p>A mai digit\u00e1lis vil\u00e1gban a webes el\u00e9rhet\u0151s\u00e9g nemcsak jogi sz\u00fcks\u00e9gszer\u0171s\u00e9g, hanem strat\u00e9giai befektet\u00e9s is a v\u00e1llalkoz\u00e1s j\u00f6v\u0151j\u00e9be. Sokan \u00fagy gondolj\u00e1k, hogy a szab\u00e1lyoknak val\u00f3 megfelel\u00e9s egyszer\u0171en a b\u00fcntet\u00e9sek elker\u00fcl\u00e9s\u00e9t jelenti, de az igazs\u00e1g az, hogy a hozz\u00e1f\u00e9rhet\u0151s\u00e9g enn\u00e9l sokkal t\u00f6bbet jelent.<\/p>\n\n\n\n<p>Egy webhely hozz\u00e1f\u00e9rhet\u0151v\u00e9 t\u00e9tele azt jelenti, hogy b\u00e1rki sz\u00e1m\u00e1ra navig\u00e1lhat\u00f3v\u00e1 \u00e9s haszn\u00e1lhat\u00f3v\u00e1 kell tenni, bele\u00e9rtve a l\u00e1t\u00e1s-, hall\u00e1s-, mozg\u00e1s- vagy kognit\u00edv fogyat\u00e9koss\u00e1ggal \u00e9l\u0151ket is. Ez nem csak a k\u00f6z\u00f6ns\u00e9g egy gyakran figyelmen k\u00edv\u00fcl hagyott szegmense sz\u00e1m\u00e1ra biztos\u00edt jobb \u00e9lm\u00e9nyt, hanem a webhely \u00e1ltal\u00e1nos haszn\u00e1lhat\u00f3s\u00e1g\u00e1t is jav\u00edtja. A gyakorlatban a hozz\u00e1f\u00e9rhet\u0151 webhely olyan webhely, amely minden felhaszn\u00e1l\u00f3 sz\u00e1m\u00e1ra egy\u00e9rtelm\u0171bb, intuit\u00edvabb \u00e9s \u00e9lvezetesebb a haszn\u00e1lata, nem csak a speci\u00e1lis ig\u00e9nyekkel rendelkez\u0151k sz\u00e1m\u00e1ra.<\/p>\n\n\n\n<p>Ezen t\u00falmen\u0151en a hozz\u00e1f\u00e9rhet\u0151s\u00e9g k\u00f6zvetlen hat\u00e1ssal van a SEO-ra. A keres\u0151motorok, mint p\u00e9ld\u00e1ul a Google, jutalmazz\u00e1k a j\u00f3 hozz\u00e1f\u00e9rhet\u0151s\u00e9gi gyakorlatokat k\u00f6vet\u0151 oldalakat, \u00edgy jav\u00edtva az organikus rangsorol\u00e1st. M\u00e1s sz\u00f3val, ha webhely\u00e9t akad\u00e1lymentess\u00e9 teszi, az seg\u00edthet t\u00f6bb l\u00e1togat\u00f3t \u00e9s ez\u00e1ltal t\u00f6bb \u00fcgyfelet vonzani.<\/p>\n\n\n\n<p>A  c\u00edmen <strong>Accessibi<\/strong>a webhely kiigaz\u00edt\u00e1sa nem neh\u00e9z feladat. Csapatunk minden sz\u00fcks\u00e9ges t\u00e1mogat\u00e1st megad \u00d6nnek, elemzi webhely\u00e9t, \u00e9s a leghat\u00e9konyabb megold\u00e1sokat alkalmazza a hozz\u00e1f\u00e9rhet\u0151s\u00e9g \u00e9s a haszn\u00e1lhat\u00f3s\u00e1g jav\u00edt\u00e1sa \u00e9rdek\u00e9ben. Nemcsak az el\u0151\u00edr\u00e1soknak fog megfelelni, hanem egy versenyk\u00e9pesebb \u00e9s vonz\u00f3bb webhelyet kap a k\u00f6z\u00f6ns\u00e9g sz\u00e1m\u00e1ra.<\/p>","protected":false},"excerpt":{"rendered":"<p>Nel mondo digitale di oggi, l\u2019accessibilit\u00e0 web non \u00e8 solo una necessit\u00e0 legale, ma anche un investimento strategico per il futuro della tua azienda. Molti pensano che adeguarsi alle normative significhi semplicemente evitare sanzioni, ma la verit\u00e0 \u00e8 che l\u2019accessibilit\u00e0 rappresenta molto di pi\u00f9. Rendere un sito accessibile significa renderlo navigabile e fruibile da chiunque, [&hellip;]<\/p>","protected":false},"author":1,"featured_media":390,"comment_status":"open","ping_status":"open","sticky":false,"template":"","format":"standard","meta":{"footnotes":""},"categories":[10],"tags":[],"class_list":["post-389","post","type-post","status-publish","format-standard","has-post-thumbnail","hentry","category-accessibilita"],"yoast_head":"<!-- This site is optimized with the Yoast SEO plugin v26.3 - https:\/\/yoast.com\/wordpress\/plugins\/seo\/ -->\n<title>Perch\u00e9 rendere accessibile il tuo sito \u00e8 un investimento per il futuro | Accessibi<\/title>\n<meta name=\"robots\" content=\"index, follow, max-snippet:-1, max-image-preview:large, max-video-preview:-1\" \/>\n<link rel=\"canonical\" href=\"https:\/\/accessibi.com\/hu\/miert-jelent-a-jovobe-valo-befektetes-ha-webhelyet-akadalymentesse-tesszuk\/\" \/>\n<meta property=\"og:locale\" content=\"hu_HU\" \/>\n<meta property=\"og:type\" content=\"article\" \/>\n<meta property=\"og:title\" content=\"Perch\u00e9 rendere accessibile il tuo sito \u00e8 un investimento per il futuro | Accessibi\" \/>\n<meta property=\"og:description\" content=\"Nel mondo digitale di oggi, l\u2019accessibilit\u00e0 web non \u00e8 solo una necessit\u00e0 legale, ma anche un investimento strategico per il futuro della tua azienda. Molti pensano che adeguarsi alle normative significhi semplicemente evitare sanzioni, ma la verit\u00e0 \u00e8 che l\u2019accessibilit\u00e0 rappresenta molto di pi\u00f9. Rendere un sito accessibile significa renderlo navigabile e fruibile da chiunque, [&hellip;]\" \/>\n<meta property=\"og:url\" content=\"https:\/\/accessibi.com\/hu\/miert-jelent-a-jovobe-valo-befektetes-ha-webhelyet-akadalymentesse-tesszuk\/\" \/>\n<meta property=\"og:site_name\" content=\"Accessibi\" \/>\n<meta property=\"article:published_time\" content=\"2024-09-21T16:26:00+00:00\" \/>\n<meta property=\"og:image\" content=\"https:\/\/accessibi.com\/wp-content\/uploads\/2024\/09\/laptop-wordpress-wordpress-design-stockpack-pixabay.jpg\" \/>\n\t<meta property=\"og:image:width\" content=\"1280\" \/>\n\t<meta property=\"og:image:height\" content=\"826\" \/>\n\t<meta property=\"og:image:type\" content=\"image\/jpeg\" \/>\n<meta name=\"author\" content=\"admin\" \/>\n<meta name=\"twitter:card\" content=\"summary_large_image\" \/>\n<meta name=\"twitter:label1\" content=\"Szerz\u0151:\" \/>\n\t<meta name=\"twitter:data1\" content=\"admin\" \/>\n\t<meta name=\"twitter:label2\" content=\"Becs\u00fclt olvas\u00e1si id\u0151\" \/>\n\t<meta name=\"twitter:data2\" content=\"2 perc\" \/>\n<script type=\"application\/ld+json\" class=\"yoast-schema-graph\">{\"@context\":\"https:\/\/schema.org\",\"@graph\":[{\"@type\":\"Article\",\"@id\":\"https:\/\/accessibi.com\/perche-rendere-accessibile-il-tuo-sito-e-un-investimento-per-il-futuro\/#article\",\"isPartOf\":{\"@id\":\"https:\/\/accessibi.com\/perche-rendere-accessibile-il-tuo-sito-e-un-investimento-per-il-futuro\/\"},\"author\":{\"name\":\"admin\",\"@id\":\"https:\/\/accessibi.com\/#\/schema\/person\/627c156f54e1f6c145189c948c6286fa\"},\"headline\":\"Perch\u00e9 rendere accessibile il tuo sito \u00e8 un investimento per il futuro\",\"datePublished\":\"2024-09-21T16:26:00+00:00\",\"mainEntityOfPage\":{\"@id\":\"https:\/\/accessibi.com\/perche-rendere-accessibile-il-tuo-sito-e-un-investimento-per-il-futuro\/\"},\"wordCount\":226,\"commentCount\":0,\"publisher\":{\"@id\":\"https:\/\/accessibi.com\/#organization\"},\"image\":{\"@id\":\"https:\/\/accessibi.com\/perche-rendere-accessibile-il-tuo-sito-e-un-investimento-per-il-futuro\/#primaryimage\"},\"thumbnailUrl\":\"https:\/\/accessibi.com\/wp-content\/uploads\/2024\/09\/laptop-wordpress-wordpress-design-stockpack-pixabay.jpg\",\"articleSection\":[\"Accessibilit\u00e0\"],\"inLanguage\":\"hu\",\"potentialAction\":[{\"@type\":\"CommentAction\",\"name\":\"Comment\",\"target\":[\"https:\/\/accessibi.com\/perche-rendere-accessibile-il-tuo-sito-e-un-investimento-per-il-futuro\/#respond\"]}]},{\"@type\":\"WebPage\",\"@id\":\"https:\/\/accessibi.com\/perche-rendere-accessibile-il-tuo-sito-e-un-investimento-per-il-futuro\/\",\"url\":\"https:\/\/accessibi.com\/perche-rendere-accessibile-il-tuo-sito-e-un-investimento-per-il-futuro\/\",\"name\":\"Perch\u00e9 rendere accessibile il tuo sito \u00e8 un investimento per il futuro | Accessibi\",\"isPartOf\":{\"@id\":\"https:\/\/accessibi.com\/#website\"},\"primaryImageOfPage\":{\"@id\":\"https:\/\/accessibi.com\/perche-rendere-accessibile-il-tuo-sito-e-un-investimento-per-il-futuro\/#primaryimage\"},\"image\":{\"@id\":\"https:\/\/accessibi.com\/perche-rendere-accessibile-il-tuo-sito-e-un-investimento-per-il-futuro\/#primaryimage\"},\"thumbnailUrl\":\"https:\/\/accessibi.com\/wp-content\/uploads\/2024\/09\/laptop-wordpress-wordpress-design-stockpack-pixabay.jpg\",\"datePublished\":\"2024-09-21T16:26:00+00:00\",\"breadcrumb\":{\"@id\":\"https:\/\/accessibi.com\/perche-rendere-accessibile-il-tuo-sito-e-un-investimento-per-il-futuro\/#breadcrumb\"},\"inLanguage\":\"hu\",\"potentialAction\":[{\"@type\":\"ReadAction\",\"target\":[\"https:\/\/accessibi.com\/perche-rendere-accessibile-il-tuo-sito-e-un-investimento-per-il-futuro\/\"]}]},{\"@type\":\"ImageObject\",\"inLanguage\":\"hu\",\"@id\":\"https:\/\/accessibi.com\/perche-rendere-accessibile-il-tuo-sito-e-un-investimento-per-il-futuro\/#primaryimage\",\"url\":\"https:\/\/accessibi.com\/wp-content\/uploads\/2024\/09\/laptop-wordpress-wordpress-design-stockpack-pixabay.jpg\",\"contentUrl\":\"https:\/\/accessibi.com\/wp-content\/uploads\/2024\/09\/laptop-wordpress-wordpress-design-stockpack-pixabay.jpg\",\"width\":1280,\"height\":826,\"caption\":\"Photo by 27707 on Pixabay\"},{\"@type\":\"BreadcrumbList\",\"@id\":\"https:\/\/accessibi.com\/perche-rendere-accessibile-il-tuo-sito-e-un-investimento-per-il-futuro\/#breadcrumb\",\"itemListElement\":[{\"@type\":\"ListItem\",\"position\":1,\"name\":\"Home\",\"item\":\"https:\/\/accessibi.com\/\"},{\"@type\":\"ListItem\",\"position\":2,\"name\":\"Perch\u00e9 rendere accessibile il tuo sito \u00e8 un investimento per il futuro\"}]},{\"@type\":\"WebSite\",\"@id\":\"https:\/\/accessibi.com\/#website\",\"url\":\"https:\/\/accessibi.com\/\",\"name\":\"Accessibi\",\"description\":\"Accessibilit\u00e0 per tutti, senza compromessi\",\"publisher\":{\"@id\":\"https:\/\/accessibi.com\/#organization\"},\"potentialAction\":[{\"@type\":\"SearchAction\",\"target\":{\"@type\":\"EntryPoint\",\"urlTemplate\":\"https:\/\/accessibi.com\/?s={search_term_string}\"},\"query-input\":{\"@type\":\"PropertyValueSpecification\",\"valueRequired\":true,\"valueName\":\"search_term_string\"}}],\"inLanguage\":\"hu\"},{\"@type\":\"Organization\",\"@id\":\"https:\/\/accessibi.com\/#organization\",\"name\":\"Accessibi\",\"url\":\"https:\/\/accessibi.com\/\",\"logo\":{\"@type\":\"ImageObject\",\"inLanguage\":\"hu\",\"@id\":\"https:\/\/accessibi.com\/#\/schema\/logo\/image\/\",\"url\":\"https:\/\/accessibi.com\/wp-content\/uploads\/2025\/04\/accessibi-blue.svg\",\"contentUrl\":\"https:\/\/accessibi.com\/wp-content\/uploads\/2025\/04\/accessibi-blue.svg\",\"width\":511,\"height\":82,\"caption\":\"Accessibi\"},\"image\":{\"@id\":\"https:\/\/accessibi.com\/#\/schema\/logo\/image\/\"}},{\"@type\":\"Person\",\"@id\":\"https:\/\/accessibi.com\/#\/schema\/person\/627c156f54e1f6c145189c948c6286fa\",\"name\":\"admin\",\"image\":{\"@type\":\"ImageObject\",\"inLanguage\":\"hu\",\"@id\":\"https:\/\/accessibi.com\/#\/schema\/person\/image\/\",\"url\":\"https:\/\/secure.gravatar.com\/avatar\/e5834dee02af5e414763876af9e2162aec9fc082b14aa685718e54b759d1b861?s=96&d=mm&r=g\",\"contentUrl\":\"https:\/\/secure.gravatar.com\/avatar\/e5834dee02af5e414763876af9e2162aec9fc082b14aa685718e54b759d1b861?s=96&d=mm&r=g\",\"caption\":\"admin\"},\"sameAs\":[\"https:\/\/accessibi.com\"],\"url\":\"https:\/\/accessibi.com\/hu\/author\/mail_rx1yoewd\/\"}]}<\/script>\n<!-- \/ Yoast SEO plugin. -->","yoast_head_json":{"title":"Mi\u00e9rt jelent a j\u00f6v\u0151be val\u00f3 befektet\u00e9s, ha el\u00e9rhet\u0151v\u00e9 teszi webhely\u00e9t | Accessibi","robots":{"index":"index","follow":"follow","max-snippet":"max-snippet:-1","max-image-preview":"max-image-preview:large","max-video-preview":"max-video-preview:-1"},"canonical":"https:\/\/accessibi.com\/hu\/miert-jelent-a-jovobe-valo-befektetes-ha-webhelyet-akadalymentesse-tesszuk\/","og_locale":"hu_HU","og_type":"article","og_title":"Perch\u00e9 rendere accessibile il tuo sito \u00e8 un investimento per il futuro | Accessibi","og_description":"Nel mondo digitale di oggi, l\u2019accessibilit\u00e0 web non \u00e8 solo una necessit\u00e0 legale, ma anche un investimento strategico per il futuro della tua azienda. Molti pensano che adeguarsi alle normative significhi semplicemente evitare sanzioni, ma la verit\u00e0 \u00e8 che l\u2019accessibilit\u00e0 rappresenta molto di pi\u00f9. Rendere un sito accessibile significa renderlo navigabile e fruibile da chiunque, [&hellip;]","og_url":"https:\/\/accessibi.com\/hu\/miert-jelent-a-jovobe-valo-befektetes-ha-webhelyet-akadalymentesse-tesszuk\/","og_site_name":"Accessibi","article_published_time":"2024-09-21T16:26:00+00:00","og_image":[{"width":1280,"height":826,"url":"https:\/\/accessibi.com\/wp-content\/uploads\/2024\/09\/laptop-wordpress-wordpress-design-stockpack-pixabay.jpg","type":"image\/jpeg"}],"author":"admin","twitter_card":"summary_large_image","twitter_misc":{"Szerz\u0151:":"admin","Becs\u00fclt olvas\u00e1si id\u0151":"2 perc"},"schema":{"@context":"https:\/\/schema.org","@graph":[{"@type":"Article","@id":"https:\/\/accessibi.com\/perche-rendere-accessibile-il-tuo-sito-e-un-investimento-per-il-futuro\/#article","isPartOf":{"@id":"https:\/\/accessibi.com\/perche-rendere-accessibile-il-tuo-sito-e-un-investimento-per-il-futuro\/"},"author":{"name":"admin","@id":"https:\/\/accessibi.com\/#\/schema\/person\/627c156f54e1f6c145189c948c6286fa"},"headline":"Perch\u00e9 rendere accessibile il tuo sito \u00e8 un investimento per il futuro","datePublished":"2024-09-21T16:26:00+00:00","mainEntityOfPage":{"@id":"https:\/\/accessibi.com\/perche-rendere-accessibile-il-tuo-sito-e-un-investimento-per-il-futuro\/"},"wordCount":226,"commentCount":0,"publisher":{"@id":"https:\/\/accessibi.com\/#organization"},"image":{"@id":"https:\/\/accessibi.com\/perche-rendere-accessibile-il-tuo-sito-e-un-investimento-per-il-futuro\/#primaryimage"},"thumbnailUrl":"https:\/\/accessibi.com\/wp-content\/uploads\/2024\/09\/laptop-wordpress-wordpress-design-stockpack-pixabay.jpg","articleSection":["Accessibilit\u00e0"],"inLanguage":"hu","potentialAction":[{"@type":"CommentAction","name":"Comment","target":["https:\/\/accessibi.com\/perche-rendere-accessibile-il-tuo-sito-e-un-investimento-per-il-futuro\/#respond"]}]},{"@type":"WebPage","@id":"https:\/\/accessibi.com\/perche-rendere-accessibile-il-tuo-sito-e-un-investimento-per-il-futuro\/","url":"https:\/\/accessibi.com\/perche-rendere-accessibile-il-tuo-sito-e-un-investimento-per-il-futuro\/","name":"Mi\u00e9rt jelent a j\u00f6v\u0151be val\u00f3 befektet\u00e9s, ha el\u00e9rhet\u0151v\u00e9 teszi webhely\u00e9t | Accessibi","isPartOf":{"@id":"https:\/\/accessibi.com\/#website"},"primaryImageOfPage":{"@id":"https:\/\/accessibi.com\/perche-rendere-accessibile-il-tuo-sito-e-un-investimento-per-il-futuro\/#primaryimage"},"image":{"@id":"https:\/\/accessibi.com\/perche-rendere-accessibile-il-tuo-sito-e-un-investimento-per-il-futuro\/#primaryimage"},"thumbnailUrl":"https:\/\/accessibi.com\/wp-content\/uploads\/2024\/09\/laptop-wordpress-wordpress-design-stockpack-pixabay.jpg","datePublished":"2024-09-21T16:26:00+00:00","breadcrumb":{"@id":"https:\/\/accessibi.com\/perche-rendere-accessibile-il-tuo-sito-e-un-investimento-per-il-futuro\/#breadcrumb"},"inLanguage":"hu","potentialAction":[{"@type":"ReadAction","target":["https:\/\/accessibi.com\/perche-rendere-accessibile-il-tuo-sito-e-un-investimento-per-il-futuro\/"]}]},{"@type":"ImageObject","inLanguage":"hu","@id":"https:\/\/accessibi.com\/perche-rendere-accessibile-il-tuo-sito-e-un-investimento-per-il-futuro\/#primaryimage","url":"https:\/\/accessibi.com\/wp-content\/uploads\/2024\/09\/laptop-wordpress-wordpress-design-stockpack-pixabay.jpg","contentUrl":"https:\/\/accessibi.com\/wp-content\/uploads\/2024\/09\/laptop-wordpress-wordpress-design-stockpack-pixabay.jpg","width":1280,"height":826,"caption":"Photo by 27707 on Pixabay"},{"@type":"BreadcrumbList","@id":"https:\/\/accessibi.com\/perche-rendere-accessibile-il-tuo-sito-e-un-investimento-per-il-futuro\/#breadcrumb","itemListElement":[{"@type":"ListItem","position":1,"name":"Home","item":"https:\/\/accessibi.com\/"},{"@type":"ListItem","position":2,"name":"Perch\u00e9 rendere accessibile il tuo sito \u00e8 un investimento per il futuro"}]},{"@type":"WebSite","@id":"https:\/\/accessibi.com\/#website","url":"https:\/\/accessibi.com\/","name":"Accessibi","description":"Hozz\u00e1f\u00e9rhet\u0151s\u00e9g mindenki sz\u00e1m\u00e1ra, kompromisszumok n\u00e9lk\u00fcl","publisher":{"@id":"https:\/\/accessibi.com\/#organization"},"potentialAction":[{"@type":"SearchAction","target":{"@type":"EntryPoint","urlTemplate":"https:\/\/accessibi.com\/?s={search_term_string}"},"query-input":{"@type":"PropertyValueSpecification","valueRequired":true,"valueName":"search_term_string"}}],"inLanguage":"hu"},{"@type":"Organization","@id":"https:\/\/accessibi.com\/#organization","name":"Accessibi","url":"https:\/\/accessibi.com\/","logo":{"@type":"ImageObject","inLanguage":"hu","@id":"https:\/\/accessibi.com\/#\/schema\/logo\/image\/","url":"https:\/\/accessibi.com\/wp-content\/uploads\/2025\/04\/accessibi-blue.svg","contentUrl":"https:\/\/accessibi.com\/wp-content\/uploads\/2025\/04\/accessibi-blue.svg","width":511,"height":82,"caption":"Accessibi"},"image":{"@id":"https:\/\/accessibi.com\/#\/schema\/logo\/image\/"}},{"@type":"Person","@id":"https:\/\/accessibi.com\/#\/schema\/person\/627c156f54e1f6c145189c948c6286fa","name":"admin","image":{"@type":"ImageObject","inLanguage":"hu","@id":"https:\/\/accessibi.com\/#\/schema\/person\/image\/","url":"https:\/\/secure.gravatar.com\/avatar\/e5834dee02af5e414763876af9e2162aec9fc082b14aa685718e54b759d1b861?s=96&d=mm&r=g","contentUrl":"https:\/\/secure.gravatar.com\/avatar\/e5834dee02af5e414763876af9e2162aec9fc082b14aa685718e54b759d1b861?s=96&d=mm&r=g","caption":"admin"},"sameAs":["https:\/\/accessibi.com"],"url":"https:\/\/accessibi.com\/hu\/author\/mail_rx1yoewd\/"}]}},"_links":{"self":[{"href":"https:\/\/accessibi.com\/hu\/wp-json\/wp\/v2\/posts\/389","targetHints":{"allow":["GET"]}}],"collection":[{"href":"https:\/\/accessibi.com\/hu\/wp-json\/wp\/v2\/posts"}],"about":[{"href":"https:\/\/accessibi.com\/hu\/wp-json\/wp\/v2\/types\/post"}],"author":[{"embeddable":true,"href":"https:\/\/accessibi.com\/hu\/wp-json\/wp\/v2\/users\/1"}],"replies":[{"embeddable":true,"href":"https:\/\/accessibi.com\/hu\/wp-json\/wp\/v2\/comments?post=389"}],"version-history":[{"count":0,"href":"https:\/\/accessibi.com\/hu\/wp-json\/wp\/v2\/posts\/389\/revisions"}],"wp:featuredmedia":[{"embeddable":true,"href":"https:\/\/accessibi.com\/hu\/wp-json\/wp\/v2\/media\/390"}],"wp:attachment":[{"href":"https:\/\/accessibi.com\/hu\/wp-json\/wp\/v2\/media?parent=389"}],"wp:term":[{"taxonomy":"category","embeddable":true,"href":"https:\/\/accessibi.com\/hu\/wp-json\/wp\/v2\/categories?post=389"},{"taxonomy":"post_tag","embeddable":true,"href":"https:\/\/accessibi.com\/hu\/wp-json\/wp\/v2\/tags?post=389"}],"curies":[{"name":"wp","href":"https:\/\/api.w.org\/{rel}","templated":true}]}}