{"id":750,"date":"2025-04-30T22:25:55","date_gmt":"2025-04-30T20:25:55","guid":{"rendered":"https:\/\/accessibi.com\/?p=750"},"modified":"2025-05-01T10:19:24","modified_gmt":"2025-05-01T08:19:24","slug":"kotelezo-web-hozzaferhetoseg-europaban-milyen-valtozasok-tortennek-az-egyes-unios-orszagokban","status":"publish","type":"post","link":"https:\/\/accessibi.com\/hu\/kotelezo-web-hozzaferhetoseg-europaban-milyen-valtozasok-tortennek-az-egyes-unios-orszagokban\/","title":{"rendered":"K\u00f6telez\u0151 web-hozz\u00e1f\u00e9rhet\u0151s\u00e9g Eur\u00f3p\u00e1ban: mi v\u00e1ltozik a k\u00fcl\u00f6nb\u00f6z\u0151 uni\u00f3s orsz\u00e1gokban?"},"content":{"rendered":"<p>2025. j\u00fanius 28-t\u00f3l a<strong>Eur\u00f3pai akad\u00e1lymentes\u00edt\u00e9si int\u00e9zked\u00e9scsomag (EAA)<\/strong>az eur\u00f3pai ir\u00e1nyelv, amely az akad\u00e1lymentes\u00edt\u00e9st k\u00f6telez\u0151v\u00e9 teszi a k\u00fcl\u00f6nb\u00f6z\u0151 <strong>digit\u00e1lis term\u00e9kek \u00e9s szolg\u00e1ltat\u00e1sok<\/strong> az EU valamennyi tag\u00e1llam\u00e1ban. Ez fordul\u00f3pontot jelent az eur\u00f3pai digit\u00e1lis piac sz\u00e1m\u00e1ra: a v\u00e1llalatok t\u00f6bb\u00e9 nem hagyhatj\u00e1k figyelmen k\u00edv\u00fcl a hozz\u00e1f\u00e9rhet\u0151s\u00e9get, ha szankci\u00f3kat \u00e9s a teljes k\u00f6z\u00f6ns\u00e9gb\u0151l val\u00f3 kiz\u00e1r\u00e1st kock\u00e1ztatnak.<\/p>\n\n\n\n<p>De mit \u00edr el\u0151 az EAA, hogyan kell alkalmazni a k\u00fcl\u00f6nb\u00f6z\u0151 eur\u00f3pai orsz\u00e1gokban, \u00e9s mit kell tenni\u00fck a v\u00e1llalatoknak a gyakorlatban, hogy megfeleljenek a k\u00f6vetelm\u00e9nyeknek?<\/p>\n\n\n\n<h3 class=\"wp-block-heading\">Mi az eur\u00f3pai akad\u00e1lymentes\u00edt\u00e9si int\u00e9zked\u00e9scsomag<\/h3>\n\n\n\n<p>A 2019-ben j\u00f3v\u00e1hagyott<strong>EAA (2019\/882\/EU ir\u00e1nyelv)<\/strong> c\u00e9lja, hogy biztos\u00edtsa <strong>egyenl\u0151 hozz\u00e1f\u00e9r\u00e9s<\/strong> a fogyat\u00e9koss\u00e1ggal \u00e9l\u0151k digit\u00e1lis term\u00e9kekhez \u00e9s szolg\u00e1ltat\u00e1sokhoz val\u00f3 hozz\u00e1f\u00e9r\u00e9se az eg\u00e9sz EU-ban. Az \u00e9rintett \u00e1gazatok a k\u00f6vetkez\u0151k:<\/p>\n\n\n\n<ul class=\"wp-block-list\">\n<li>e-kereskedelmi weboldalak \u00e9s alkalmaz\u00e1sok<\/li>\n\n\n\n<li>online banki szolg\u00e1ltat\u00e1sok<\/li>\n\n\n\n<li>k\u00f6zleked\u00e9si platformok \u00e9s elektronikus jegy\u00e9rt\u00e9kes\u00edt\u00e9s<\/li>\n\n\n\n<li>e-k\u00f6nyv olvas\u00f3k<\/li>\n\n\n\n<li>elektronikus eszk\u00f6z\u00f6k, p\u00e9ld\u00e1ul okostelefonok, fizet\u00e9si termin\u00e1lok, ATM-ek<\/li>\n\n\n\n<li>audiovizu\u00e1lis szolg\u00e1ltat\u00e1sok \u00e9s digit\u00e1lis kommunik\u00e1ci\u00f3<\/li>\n<\/ul>\n\n\n\n<p>Az egyes tag\u00e1llamoknak 2022. j\u00fanius 28-ig kellett \u00e1t\u00fcltetni\u00fck az ir\u00e1nyelvet, a k\u00f6telez\u0151 alkalmaz\u00e1s pedig 2022. j\u00fanius 28-ig kezd\u0151dik. <strong>2025. j\u00fanius 28-t\u00f3l<\/strong>.<\/p>\n\n\n\n<h3 class=\"wp-block-heading\">Mely szabv\u00e1nyokat kell k\u00f6vetni<\/h3>\n\n\n\n<p>Az \u00e1ltal\u00e1nos technikai hivatkoz\u00e1s a <strong>WCAG 2.1 (webes tartalom hozz\u00e1f\u00e9rhet\u0151s\u00e9gi \u00fatmutat\u00f3)<\/strong>amelyek nemzetk\u00f6zi krit\u00e9riumokat hat\u00e1roznak meg a webes tartalmak \u00e9s mobilalkalmaz\u00e1sok hozz\u00e1f\u00e9rhet\u0151s\u00e9g\u00e9nek biztos\u00edt\u00e1s\u00e1ra. A WCAG n\u00e9gy alapelvre \u00e9p\u00fcl: <strong>\u00c9rz\u00e9kelhet\u0151, haszn\u00e1lhat\u00f3, \u00e9rthet\u0151, robusztus<\/strong>.<\/p>\n\n\n\n<h2 class=\"wp-block-heading\">Hogyan alkalmazz\u00e1k az akad\u00e1lymentes\u00edt\u00e9st a f\u0151bb uni\u00f3s orsz\u00e1gokban<\/h2>\n\n\n\n<h3 class=\"wp-block-heading\">\ud83c\uddee\ud83c\uddf9 Olaszorsz\u00e1g<\/h3>\n\n\n\n<p>Olaszorsz\u00e1gban az EAA \u00e1t\u00fcltet\u00e9se a k\u00f6vetkez\u0151 int\u00e9zked\u00e9sekkel t\u00f6rt\u00e9nt meg <strong>82\/2022. sz. t\u00f6rv\u00e9nyerej\u0171 rendelet<\/strong>. A lakoss\u00e1gnak digit\u00e1lis szolg\u00e1ltat\u00e1sokat ny\u00fajt\u00f3 mag\u00e1nc\u00e9geknek 2025-ig biztos\u00edtaniuk kell a megfelel\u0151s\u00e9get. Az ellen\u0151rz\u00e9st az Agenzia per l'Italia Digitale (AgID) v\u00e9gzi. A k\u00f6zigazgat\u00e1sra m\u00e1r most is vonatkozik a hozz\u00e1f\u00e9rhet\u0151s\u00e9gi k\u00f6telezetts\u00e9g (2004-es Stanca-t\u00f6rv\u00e9ny, amelyet id\u0151vel friss\u00edtettek).<\/p>\n\n\n\n<h3 class=\"wp-block-heading\">\ud83c\uddeb\ud83c\uddf7 Franciaorsz\u00e1g<\/h3>\n\n\n\n<p>Franciaorsz\u00e1g 2022-ben \u00fcltette \u00e1t az EAA-t, be\u00e9p\u00edtve azt a digit\u00e1lis akad\u00e1lymentes\u00edt\u00e9si t\u00f6rv\u00e9nybe (Loi pour une R\u00e9publique num\u00e9rique). Az illet\u00e9kes hat\u00f3s\u00e1g a <strong>DINUM<\/strong> (Direction interminist\u00e9rielle du num\u00e9rique). A v\u00e1llalatoknak a honlapjukon a megfelel\u0151s\u00e9gr\u0151l egy <strong>hozz\u00e1f\u00e9rhet\u0151s\u00e9gi nyilatkozat<\/strong>.<\/p>\n\n\n\n<h3 class=\"wp-block-heading\">\ud83c\udde9\ud83c\uddea N\u00e9metorsz\u00e1g<\/h3>\n\n\n\n<p>N\u00e9metorsz\u00e1gban a digit\u00e1lis hozz\u00e1f\u00e9rhet\u0151s\u00e9get a digit\u00e1lis hozz\u00e1f\u00e9r\u00e9sr\u0151l sz\u00f3l\u00f3 <strong>Barrierefreiheitsst\u00e4rkungsgesetz<\/strong>az EAA \u00e1t\u00fcltet\u00e9se. A felel\u0151s szerv a <strong>Bundesministerium f\u00fcr Arbeit und Soziales<\/strong>. A mag\u00e1nc\u00e9geknek 2025-ig biztos\u00edtaniuk kell a digit\u00e1lis szolg\u00e1ltat\u00e1sok hozz\u00e1f\u00e9rhet\u0151s\u00e9g\u00e9t, m\u00edg a k\u00f6zszf\u00e9ra m\u00e1r most is k\u00f6teles erre.<\/p>\n\n\n\n<h3 class=\"wp-block-heading\">\ud83c\uddea\ud83c\uddf8 Spanyolorsz\u00e1g<\/h3>\n\n\n\n<p>Spanyolorsz\u00e1g be\u00e9p\u00edtette az EAA-t a jogszab\u00e1lyba <strong>1112\/2018-as kir\u00e1lyi rendelet<\/strong>. L'<strong>Observatorio de Accesibilidad Web (webes hozz\u00e1f\u00e9rhet\u0151s\u00e9gi megfigyel\u0151k\u00f6zpont)<\/strong> az a szerv, amelyik ellen\u0151rzi a szab\u00e1lyoknak val\u00f3 megfelel\u00e9st. A hat\u00e1rid\u0151 lej\u00e1rt\u00e1ig minden nyilv\u00e1nos webhelynek \u00e9s nagy mag\u00e1nv\u00e1llalatnak hozz\u00e1f\u00e9rhet\u0151nek kell lennie, \u00e9s az el\u0151\u00edr\u00e1sok be nem tart\u00e1sa eset\u00e9n ellen\u0151rz\u00e9seket \u00e9s szankci\u00f3kat kell alkalmazni.<\/p>\n\n\n\n<h3 class=\"wp-block-heading\">\ud83c\uddf3\ud83c\uddf1 Hollandia<\/h3>\n\n\n\n<p>Hollandi\u00e1ban az \u00e1t\u00fcltet\u00e9sre az al\u00e1bbi m\u00f3don ker\u00fclt sor<strong>Hozz\u00e1f\u00e9rhet\u0151s\u00e9gi t\u00f6rv\u00e9ny v\u00e9grehajt\u00e1si t\u00f6rv\u00e9ny<\/strong>. A korm\u00e1ny megk\u00f6veteli a v\u00e1llalatokt\u00f3l, hogy k\u00f6zz\u00e9tegy\u00e9k <strong>akad\u00e1lymentes\u00edt\u00e9si nyilatkozat (Toegankelijkheidsverklaring)<\/strong> \u00e9s a WCAG 2.1 szabv\u00e1nynak val\u00f3 megfelel\u00e9s. A k\u00f6zszf\u00e9ra m\u00e1r megfelel a k\u00f6vetelm\u00e9nyeknek.<\/p>\n\n\n\n<h3 class=\"wp-block-heading\">\ud83c\udde7\ud83c\uddea Belgium<\/h3>\n\n\n\n<p>Belgium nemzeti jogszab\u00e1lyait az EAA-hoz igaz\u00edtotta, \u00e9s megk\u00f6veteli, hogy minden k\u00f6z- \u00e9s mag\u00e1njelleg\u0171 digit\u00e1lis webhely \u00e9s szolg\u00e1ltat\u00e1s hozz\u00e1f\u00e9rhet\u0151 legyen. A <strong>SPF BOSA<\/strong> ir\u00e1nymutat\u00e1sokat \u00e9s \u00f6n\u00e9rt\u00e9kel\u00e9si eszk\u00f6z\u00f6ket ny\u00fajt a v\u00e1llalatoknak az \u00e1t\u00e1ll\u00e1shoz.<\/p>\n\n\n\n<h3 class=\"wp-block-heading\">Mit kell most tenni\u00fck a v\u00e1llalatoknak<\/h3>\n\n\n\n<p>Mivel 2025 m\u00e1r csak egy karny\u00fajt\u00e1snyira van, l\u00e9tfontoss\u00e1g\u00fa, hogy <strong>cselekedj most<\/strong>:<\/p>\n\n\n\n<ol class=\"wp-block-list\">\n<li><strong>A weboldal jelenlegi \u00e1llapot\u00e1nak elemz\u00e9se<\/strong> a WCAG szabv\u00e1nyok szerint<\/li>\n\n\n\n<li><strong>Az akad\u00e1lyok azonos\u00edt\u00e1sa<\/strong> l\u00e1t\u00e1s-, hall\u00e1s-, mozg\u00e1s- vagy kognit\u00edv fogyat\u00e9koss\u00e1ggal \u00e9l\u0151 felhaszn\u00e1l\u00f3k sz\u00e1m\u00e1ra<\/li>\n\n\n\n<li><strong>K\u00e9pek, gombok, \u0171rlapok \u00e9s sz\u00f6veges tartalom hozz\u00e1f\u00e9rhet\u0151v\u00e9 t\u00e9tele<\/strong><\/li>\n\n\n\n<li><strong>A billenty\u0171zetes navig\u00e1ci\u00f3 \u00e9s a k\u00e9perny\u0151olvas\u00f3 kompatibilit\u00e1s biztos\u00edt\u00e1sa<\/strong><\/li>\n\n\n\n<li><strong>Hozz\u00e1f\u00e9rhet\u0151s\u00e9gi nyilatkozat k\u00f6zz\u00e9t\u00e9tele<\/strong> aktualiz\u00e1lva, ahol ez el\u0151re l\u00e1that\u00f3<\/li>\n<\/ol>\n\n\n\n<h3 class=\"wp-block-heading\">Mi\u00e9rt b\u00edzzon az olyan szakemberekben, mint az Accessibi<\/h3>\n\n\n\n<p>A  c\u00edmen <strong>Accessibi<\/strong>a v\u00e1llalatok \u00e1tfog\u00f3 technikai \u00e9s strat\u00e9giai t\u00e1mogat\u00e1sra sz\u00e1m\u00edthatnak:<\/p>\n\n\n\n<ul class=\"wp-block-list\">\n<li>Testre szabott akad\u00e1lymentes\u00edt\u00e9si auditok<\/li>\n\n\n\n<li>WCAG 2.1 szabv\u00e1nynak megfelel\u0151 adapt\u00e1ci\u00f3<\/li>\n\n\n\n<li>Gyors \u00e9s sk\u00e1l\u00e1zhat\u00f3 megold\u00e1sok megval\u00f3s\u00edt\u00e1sa<\/li>\n\n\n\n<li>Folyamatos fel\u00fcgyelet \u00e9s friss\u00edt\u00e9sek<\/li>\n\n\n\n<li>Jogi seg\u00edts\u00e9gny\u00fajt\u00e1s ellen\u0151rz\u00e9sek vagy peres elj\u00e1r\u00e1sok eset\u00e9n<\/li>\n<\/ul>\n\n\n\n<p>A digit\u00e1lis hozz\u00e1f\u00e9rhet\u0151s\u00e9g egyre ink\u00e1bb <strong>a jogszer\u0171 \u00e9s felel\u0151ss\u00e9gteljes m\u0171k\u00f6d\u00e9s sz\u00fcks\u00e9ges felt\u00e9tele<\/strong> Eur\u00f3p\u00e1ban. Nem csup\u00e1n egy szabv\u00e1nynak val\u00f3 megfelel\u00e9sr\u0151l van sz\u00f3, hanem arr\u00f3l is, hogy <strong>t\u00f6bb milli\u00f3 felhaszn\u00e1l\u00f3 el\u0151tt nyitja meg az ajt\u00f3kat<\/strong>a digit\u00e1lis \u00e9lm\u00e9ny jav\u00edt\u00e1sa \u00e9s a m\u00e1rka h\u00edrnev\u00e9nek er\u0151s\u00edt\u00e9se.<\/p>\n\n\n\n<p><strong>Az Accessibi seg\u00edts\u00e9g\u00e9vel a v\u00e1llalatok magabiztosan \u00e9s hozz\u00e1\u00e9rt\u00e9ssel tudnak megfelelni ennek a kih\u00edv\u00e1snak.<\/strong> K\u00e9sz\u00fclj\u00f6n fel m\u00e9g ma, \u00e9s alak\u00edtsa a hozz\u00e1f\u00e9rhet\u0151s\u00e9get versenyel\u0151nny\u00e9.<\/p>","protected":false},"excerpt":{"rendered":"<p>A partire dal 28 giugno 2025, entrer\u00e0 pienamente in vigore l\u2019European Accessibility Act (EAA), la direttiva europea che rende obbligatoria l\u2019accessibilit\u00e0 per una vasta gamma di prodotti e servizi digitali in tutti gli Stati membri dell\u2019Unione Europea. Questo segna un punto di svolta per il mercato digitale europeo: le aziende non potranno pi\u00f9 ignorare l\u2019accessibilit\u00e0, [&hellip;]<\/p>","protected":false},"author":1,"featured_media":751,"comment_status":"open","ping_status":"open","sticky":false,"template":"","format":"standard","meta":{"footnotes":""},"categories":[10],"tags":[],"class_list":["post-750","post","type-post","status-publish","format-standard","has-post-thumbnail","hentry","category-accessibilita"],"yoast_head":"<!-- This site is optimized with the Yoast SEO plugin v26.3 - https:\/\/yoast.com\/wordpress\/plugins\/seo\/ -->\n<title>Accessibilit\u00e0 web obbligatoria in Europa: cosa cambia nei diversi Paesi dell\u2019UE | Accessibi<\/title>\n<meta name=\"description\" content=\"A partire dal 28 giugno 2025, entrer\u00e0 pienamente in vigore l\u2019European Accessibility Act (EAA), la direttiva europea che rende obbligatoria l\u2019accessibilit\u00e0 per una vasta gamma di prodotti e servizi digitali in tutti gli Stati membri dell\u2019Unione Europea. Questo segna un punto di svolta per il mercato digitale europeo: le aziende non potranno pi\u00f9 ignorare l\u2019accessibilit\u00e0, pena sanzioni e l\u2019esclusione da intere fasce di pubblico.\" \/>\n<meta name=\"robots\" content=\"index, follow, max-snippet:-1, max-image-preview:large, max-video-preview:-1\" \/>\n<link rel=\"canonical\" href=\"https:\/\/accessibi.com\/hu\/kotelezo-web-hozzaferhetoseg-europaban-milyen-valtozasok-tortennek-az-egyes-unios-orszagokban\/\" \/>\n<meta property=\"og:locale\" content=\"hu_HU\" \/>\n<meta property=\"og:type\" content=\"article\" \/>\n<meta property=\"og:title\" content=\"Accessibilit\u00e0 web obbligatoria in Europa: cosa cambia nei diversi Paesi dell\u2019UE | Accessibi\" \/>\n<meta property=\"og:description\" content=\"A partire dal 28 giugno 2025, entrer\u00e0 pienamente in vigore l\u2019European Accessibility Act (EAA), la direttiva europea che rende obbligatoria l\u2019accessibilit\u00e0 per una vasta gamma di prodotti e servizi digitali in tutti gli Stati membri dell\u2019Unione Europea. Questo segna un punto di svolta per il mercato digitale europeo: le aziende non potranno pi\u00f9 ignorare l\u2019accessibilit\u00e0, pena sanzioni e l\u2019esclusione da intere fasce di pubblico.\" \/>\n<meta property=\"og:url\" content=\"https:\/\/accessibi.com\/hu\/kotelezo-web-hozzaferhetoseg-europaban-milyen-valtozasok-tortennek-az-egyes-unios-orszagokban\/\" \/>\n<meta property=\"og:site_name\" content=\"Accessibi\" \/>\n<meta property=\"article:published_time\" content=\"2025-04-30T20:25:55+00:00\" \/>\n<meta property=\"article:modified_time\" content=\"2025-05-01T08:19:24+00:00\" \/>\n<meta property=\"og:image\" content=\"https:\/\/accessibi.com\/wp-content\/uploads\/2025\/04\/european-union-eu-flag-waving-in-clear-blue-sky-2025-03-05-03-54-05-utc.jpg\" \/>\n\t<meta property=\"og:image:width\" content=\"2400\" \/>\n\t<meta property=\"og:image:height\" content=\"1601\" \/>\n\t<meta property=\"og:image:type\" content=\"image\/jpeg\" \/>\n<meta name=\"author\" content=\"admin\" \/>\n<meta name=\"twitter:card\" content=\"summary_large_image\" \/>\n<meta name=\"twitter:label1\" content=\"Szerz\u0151:\" \/>\n\t<meta name=\"twitter:data1\" content=\"admin\" \/>\n\t<meta name=\"twitter:label2\" content=\"Becs\u00fclt olvas\u00e1si id\u0151\" \/>\n\t<meta name=\"twitter:data2\" content=\"4 perc\" \/>\n<script type=\"application\/ld+json\" class=\"yoast-schema-graph\">{\"@context\":\"https:\/\/schema.org\",\"@graph\":[{\"@type\":\"Article\",\"@id\":\"https:\/\/accessibi.com\/accessibilita-web-obbligatoria-in-europa-cosa-cambia-nei-diversi-paesi-dellue\/#article\",\"isPartOf\":{\"@id\":\"https:\/\/accessibi.com\/accessibilita-web-obbligatoria-in-europa-cosa-cambia-nei-diversi-paesi-dellue\/\"},\"author\":{\"name\":\"admin\",\"@id\":\"https:\/\/accessibi.com\/#\/schema\/person\/627c156f54e1f6c145189c948c6286fa\"},\"headline\":\"Accessibilit\u00e0 web obbligatoria in Europa: cosa cambia nei diversi Paesi dell\u2019UE\",\"datePublished\":\"2025-04-30T20:25:55+00:00\",\"dateModified\":\"2025-05-01T08:19:24+00:00\",\"mainEntityOfPage\":{\"@id\":\"https:\/\/accessibi.com\/accessibilita-web-obbligatoria-in-europa-cosa-cambia-nei-diversi-paesi-dellue\/\"},\"wordCount\":671,\"commentCount\":0,\"publisher\":{\"@id\":\"https:\/\/accessibi.com\/#organization\"},\"image\":{\"@id\":\"https:\/\/accessibi.com\/accessibilita-web-obbligatoria-in-europa-cosa-cambia-nei-diversi-paesi-dellue\/#primaryimage\"},\"thumbnailUrl\":\"https:\/\/accessibi.com\/wp-content\/uploads\/2025\/04\/european-union-eu-flag-waving-in-clear-blue-sky-2025-03-05-03-54-05-utc.jpg\",\"articleSection\":[\"Accessibilit\u00e0\"],\"inLanguage\":\"hu\",\"potentialAction\":[{\"@type\":\"CommentAction\",\"name\":\"Comment\",\"target\":[\"https:\/\/accessibi.com\/accessibilita-web-obbligatoria-in-europa-cosa-cambia-nei-diversi-paesi-dellue\/#respond\"]}]},{\"@type\":\"WebPage\",\"@id\":\"https:\/\/accessibi.com\/accessibilita-web-obbligatoria-in-europa-cosa-cambia-nei-diversi-paesi-dellue\/\",\"url\":\"https:\/\/accessibi.com\/accessibilita-web-obbligatoria-in-europa-cosa-cambia-nei-diversi-paesi-dellue\/\",\"name\":\"Accessibilit\u00e0 web obbligatoria in Europa: cosa cambia nei diversi Paesi dell\u2019UE | Accessibi\",\"isPartOf\":{\"@id\":\"https:\/\/accessibi.com\/#website\"},\"primaryImageOfPage\":{\"@id\":\"https:\/\/accessibi.com\/accessibilita-web-obbligatoria-in-europa-cosa-cambia-nei-diversi-paesi-dellue\/#primaryimage\"},\"image\":{\"@id\":\"https:\/\/accessibi.com\/accessibilita-web-obbligatoria-in-europa-cosa-cambia-nei-diversi-paesi-dellue\/#primaryimage\"},\"thumbnailUrl\":\"https:\/\/accessibi.com\/wp-content\/uploads\/2025\/04\/european-union-eu-flag-waving-in-clear-blue-sky-2025-03-05-03-54-05-utc.jpg\",\"datePublished\":\"2025-04-30T20:25:55+00:00\",\"dateModified\":\"2025-05-01T08:19:24+00:00\",\"description\":\"A partire dal 28 giugno 2025, entrer\u00e0 pienamente in vigore l\u2019European Accessibility Act (EAA), la direttiva europea che rende obbligatoria l\u2019accessibilit\u00e0 per una vasta gamma di prodotti e servizi digitali in tutti gli Stati membri dell\u2019Unione Europea. Questo segna un punto di svolta per il mercato digitale europeo: le aziende non potranno pi\u00f9 ignorare l\u2019accessibilit\u00e0, pena sanzioni e l\u2019esclusione da intere fasce di pubblico.\",\"breadcrumb\":{\"@id\":\"https:\/\/accessibi.com\/accessibilita-web-obbligatoria-in-europa-cosa-cambia-nei-diversi-paesi-dellue\/#breadcrumb\"},\"inLanguage\":\"hu\",\"potentialAction\":[{\"@type\":\"ReadAction\",\"target\":[\"https:\/\/accessibi.com\/accessibilita-web-obbligatoria-in-europa-cosa-cambia-nei-diversi-paesi-dellue\/\"]}]},{\"@type\":\"ImageObject\",\"inLanguage\":\"hu\",\"@id\":\"https:\/\/accessibi.com\/accessibilita-web-obbligatoria-in-europa-cosa-cambia-nei-diversi-paesi-dellue\/#primaryimage\",\"url\":\"https:\/\/accessibi.com\/wp-content\/uploads\/2025\/04\/european-union-eu-flag-waving-in-clear-blue-sky-2025-03-05-03-54-05-utc.jpg\",\"contentUrl\":\"https:\/\/accessibi.com\/wp-content\/uploads\/2025\/04\/european-union-eu-flag-waving-in-clear-blue-sky-2025-03-05-03-54-05-utc.jpg\",\"width\":2400,\"height\":1601,\"caption\":\"European Union EU flag flying and waving in the wind over clear blue sky, symbol of European patriotism, low angle, side view\"},{\"@type\":\"BreadcrumbList\",\"@id\":\"https:\/\/accessibi.com\/accessibilita-web-obbligatoria-in-europa-cosa-cambia-nei-diversi-paesi-dellue\/#breadcrumb\",\"itemListElement\":[{\"@type\":\"ListItem\",\"position\":1,\"name\":\"Home\",\"item\":\"https:\/\/accessibi.com\/\"},{\"@type\":\"ListItem\",\"position\":2,\"name\":\"Accessibilit\u00e0 web obbligatoria in Europa: cosa cambia nei diversi Paesi dell\u2019UE\"}]},{\"@type\":\"WebSite\",\"@id\":\"https:\/\/accessibi.com\/#website\",\"url\":\"https:\/\/accessibi.com\/\",\"name\":\"Accessibi\",\"description\":\"Accessibilit\u00e0 per tutti, senza compromessi\",\"publisher\":{\"@id\":\"https:\/\/accessibi.com\/#organization\"},\"potentialAction\":[{\"@type\":\"SearchAction\",\"target\":{\"@type\":\"EntryPoint\",\"urlTemplate\":\"https:\/\/accessibi.com\/?s={search_term_string}\"},\"query-input\":{\"@type\":\"PropertyValueSpecification\",\"valueRequired\":true,\"valueName\":\"search_term_string\"}}],\"inLanguage\":\"hu\"},{\"@type\":\"Organization\",\"@id\":\"https:\/\/accessibi.com\/#organization\",\"name\":\"Accessibi\",\"url\":\"https:\/\/accessibi.com\/\",\"logo\":{\"@type\":\"ImageObject\",\"inLanguage\":\"hu\",\"@id\":\"https:\/\/accessibi.com\/#\/schema\/logo\/image\/\",\"url\":\"https:\/\/accessibi.com\/wp-content\/uploads\/2025\/04\/accessibi-blue.svg\",\"contentUrl\":\"https:\/\/accessibi.com\/wp-content\/uploads\/2025\/04\/accessibi-blue.svg\",\"width\":511,\"height\":82,\"caption\":\"Accessibi\"},\"image\":{\"@id\":\"https:\/\/accessibi.com\/#\/schema\/logo\/image\/\"}},{\"@type\":\"Person\",\"@id\":\"https:\/\/accessibi.com\/#\/schema\/person\/627c156f54e1f6c145189c948c6286fa\",\"name\":\"admin\",\"image\":{\"@type\":\"ImageObject\",\"inLanguage\":\"hu\",\"@id\":\"https:\/\/accessibi.com\/#\/schema\/person\/image\/\",\"url\":\"https:\/\/secure.gravatar.com\/avatar\/e5834dee02af5e414763876af9e2162aec9fc082b14aa685718e54b759d1b861?s=96&d=mm&r=g\",\"contentUrl\":\"https:\/\/secure.gravatar.com\/avatar\/e5834dee02af5e414763876af9e2162aec9fc082b14aa685718e54b759d1b861?s=96&d=mm&r=g\",\"caption\":\"admin\"},\"sameAs\":[\"https:\/\/accessibi.com\"],\"url\":\"https:\/\/accessibi.com\/hu\/author\/mail_rx1yoewd\/\"}]}<\/script>\n<!-- \/ Yoast SEO plugin. -->","yoast_head_json":{"title":"K\u00f6telez\u0151 webes akad\u00e1lymentes\u00edt\u00e9s Eur\u00f3p\u00e1ban: mi v\u00e1ltozik a k\u00fcl\u00f6nb\u00f6z\u0151 uni\u00f3s orsz\u00e1gokban | Accessibi","description":"2025. j\u00fanius 28-t\u00f3l teljes m\u00e9rt\u00e9kben hat\u00e1lyba l\u00e9p az eur\u00f3pai akad\u00e1lymentes\u00edt\u00e9si int\u00e9zked\u00e9scsomag (EAA), az az eur\u00f3pai ir\u00e1nyelv, amely a digit\u00e1lis term\u00e9kek \u00e9s szolg\u00e1ltat\u00e1sok sz\u00e9les k\u00f6r\u00e9re vonatkoz\u00f3an k\u00f6telez\u0151v\u00e9 teszi az akad\u00e1lymentes\u00edt\u00e9st az EU valamennyi tag\u00e1llam\u00e1ban. Ez fordul\u00f3pontot jelent az eur\u00f3pai digit\u00e1lis piac sz\u00e1m\u00e1ra: a v\u00e1llalatok t\u00f6bb\u00e9 nem hagyhatj\u00e1k figyelmen k\u00edv\u00fcl az akad\u00e1lymentes\u00edt\u00e9st, ami szankci\u00f3k \u00e9s a teljes k\u00f6z\u00f6ns\u00e9gb\u0151l val\u00f3 kiz\u00e1r\u00e1s b\u00fcntet\u00e9s\u00e9t vonja maga ut\u00e1n.","robots":{"index":"index","follow":"follow","max-snippet":"max-snippet:-1","max-image-preview":"max-image-preview:large","max-video-preview":"max-video-preview:-1"},"canonical":"https:\/\/accessibi.com\/hu\/kotelezo-web-hozzaferhetoseg-europaban-milyen-valtozasok-tortennek-az-egyes-unios-orszagokban\/","og_locale":"hu_HU","og_type":"article","og_title":"Accessibilit\u00e0 web obbligatoria in Europa: cosa cambia nei diversi Paesi dell\u2019UE | Accessibi","og_description":"A partire dal 28 giugno 2025, entrer\u00e0 pienamente in vigore l\u2019European Accessibility Act (EAA), la direttiva europea che rende obbligatoria l\u2019accessibilit\u00e0 per una vasta gamma di prodotti e servizi digitali in tutti gli Stati membri dell\u2019Unione Europea. Questo segna un punto di svolta per il mercato digitale europeo: le aziende non potranno pi\u00f9 ignorare l\u2019accessibilit\u00e0, pena sanzioni e l\u2019esclusione da intere fasce di pubblico.","og_url":"https:\/\/accessibi.com\/hu\/kotelezo-web-hozzaferhetoseg-europaban-milyen-valtozasok-tortennek-az-egyes-unios-orszagokban\/","og_site_name":"Accessibi","article_published_time":"2025-04-30T20:25:55+00:00","article_modified_time":"2025-05-01T08:19:24+00:00","og_image":[{"width":2400,"height":1601,"url":"https:\/\/accessibi.com\/wp-content\/uploads\/2025\/04\/european-union-eu-flag-waving-in-clear-blue-sky-2025-03-05-03-54-05-utc.jpg","type":"image\/jpeg"}],"author":"admin","twitter_card":"summary_large_image","twitter_misc":{"Szerz\u0151:":"admin","Becs\u00fclt olvas\u00e1si id\u0151":"4 perc"},"schema":{"@context":"https:\/\/schema.org","@graph":[{"@type":"Article","@id":"https:\/\/accessibi.com\/accessibilita-web-obbligatoria-in-europa-cosa-cambia-nei-diversi-paesi-dellue\/#article","isPartOf":{"@id":"https:\/\/accessibi.com\/accessibilita-web-obbligatoria-in-europa-cosa-cambia-nei-diversi-paesi-dellue\/"},"author":{"name":"admin","@id":"https:\/\/accessibi.com\/#\/schema\/person\/627c156f54e1f6c145189c948c6286fa"},"headline":"Accessibilit\u00e0 web obbligatoria in Europa: cosa cambia nei diversi Paesi dell\u2019UE","datePublished":"2025-04-30T20:25:55+00:00","dateModified":"2025-05-01T08:19:24+00:00","mainEntityOfPage":{"@id":"https:\/\/accessibi.com\/accessibilita-web-obbligatoria-in-europa-cosa-cambia-nei-diversi-paesi-dellue\/"},"wordCount":671,"commentCount":0,"publisher":{"@id":"https:\/\/accessibi.com\/#organization"},"image":{"@id":"https:\/\/accessibi.com\/accessibilita-web-obbligatoria-in-europa-cosa-cambia-nei-diversi-paesi-dellue\/#primaryimage"},"thumbnailUrl":"https:\/\/accessibi.com\/wp-content\/uploads\/2025\/04\/european-union-eu-flag-waving-in-clear-blue-sky-2025-03-05-03-54-05-utc.jpg","articleSection":["Accessibilit\u00e0"],"inLanguage":"hu","potentialAction":[{"@type":"CommentAction","name":"Comment","target":["https:\/\/accessibi.com\/accessibilita-web-obbligatoria-in-europa-cosa-cambia-nei-diversi-paesi-dellue\/#respond"]}]},{"@type":"WebPage","@id":"https:\/\/accessibi.com\/accessibilita-web-obbligatoria-in-europa-cosa-cambia-nei-diversi-paesi-dellue\/","url":"https:\/\/accessibi.com\/accessibilita-web-obbligatoria-in-europa-cosa-cambia-nei-diversi-paesi-dellue\/","name":"K\u00f6telez\u0151 webes akad\u00e1lymentes\u00edt\u00e9s Eur\u00f3p\u00e1ban: mi v\u00e1ltozik a k\u00fcl\u00f6nb\u00f6z\u0151 uni\u00f3s orsz\u00e1gokban | Accessibi","isPartOf":{"@id":"https:\/\/accessibi.com\/#website"},"primaryImageOfPage":{"@id":"https:\/\/accessibi.com\/accessibilita-web-obbligatoria-in-europa-cosa-cambia-nei-diversi-paesi-dellue\/#primaryimage"},"image":{"@id":"https:\/\/accessibi.com\/accessibilita-web-obbligatoria-in-europa-cosa-cambia-nei-diversi-paesi-dellue\/#primaryimage"},"thumbnailUrl":"https:\/\/accessibi.com\/wp-content\/uploads\/2025\/04\/european-union-eu-flag-waving-in-clear-blue-sky-2025-03-05-03-54-05-utc.jpg","datePublished":"2025-04-30T20:25:55+00:00","dateModified":"2025-05-01T08:19:24+00:00","description":"2025. j\u00fanius 28-t\u00f3l teljes m\u00e9rt\u00e9kben hat\u00e1lyba l\u00e9p az eur\u00f3pai akad\u00e1lymentes\u00edt\u00e9si int\u00e9zked\u00e9scsomag (EAA), az az eur\u00f3pai ir\u00e1nyelv, amely a digit\u00e1lis term\u00e9kek \u00e9s szolg\u00e1ltat\u00e1sok sz\u00e9les k\u00f6r\u00e9re vonatkoz\u00f3an k\u00f6telez\u0151v\u00e9 teszi az akad\u00e1lymentes\u00edt\u00e9st az EU valamennyi tag\u00e1llam\u00e1ban. Ez fordul\u00f3pontot jelent az eur\u00f3pai digit\u00e1lis piac sz\u00e1m\u00e1ra: a v\u00e1llalatok t\u00f6bb\u00e9 nem hagyhatj\u00e1k figyelmen k\u00edv\u00fcl az akad\u00e1lymentes\u00edt\u00e9st, ami szankci\u00f3k \u00e9s a teljes k\u00f6z\u00f6ns\u00e9gb\u0151l val\u00f3 kiz\u00e1r\u00e1s b\u00fcntet\u00e9s\u00e9t vonja maga ut\u00e1n.","breadcrumb":{"@id":"https:\/\/accessibi.com\/accessibilita-web-obbligatoria-in-europa-cosa-cambia-nei-diversi-paesi-dellue\/#breadcrumb"},"inLanguage":"hu","potentialAction":[{"@type":"ReadAction","target":["https:\/\/accessibi.com\/accessibilita-web-obbligatoria-in-europa-cosa-cambia-nei-diversi-paesi-dellue\/"]}]},{"@type":"ImageObject","inLanguage":"hu","@id":"https:\/\/accessibi.com\/accessibilita-web-obbligatoria-in-europa-cosa-cambia-nei-diversi-paesi-dellue\/#primaryimage","url":"https:\/\/accessibi.com\/wp-content\/uploads\/2025\/04\/european-union-eu-flag-waving-in-clear-blue-sky-2025-03-05-03-54-05-utc.jpg","contentUrl":"https:\/\/accessibi.com\/wp-content\/uploads\/2025\/04\/european-union-eu-flag-waving-in-clear-blue-sky-2025-03-05-03-54-05-utc.jpg","width":2400,"height":1601,"caption":"European Union EU flag flying and waving in the wind over clear blue sky, symbol of European patriotism, low angle, side view"},{"@type":"BreadcrumbList","@id":"https:\/\/accessibi.com\/accessibilita-web-obbligatoria-in-europa-cosa-cambia-nei-diversi-paesi-dellue\/#breadcrumb","itemListElement":[{"@type":"ListItem","position":1,"name":"Home","item":"https:\/\/accessibi.com\/"},{"@type":"ListItem","position":2,"name":"Accessibilit\u00e0 web obbligatoria in Europa: cosa cambia nei diversi Paesi dell\u2019UE"}]},{"@type":"WebSite","@id":"https:\/\/accessibi.com\/#website","url":"https:\/\/accessibi.com\/","name":"Accessibi","description":"Hozz\u00e1f\u00e9rhet\u0151s\u00e9g mindenki sz\u00e1m\u00e1ra, kompromisszumok n\u00e9lk\u00fcl","publisher":{"@id":"https:\/\/accessibi.com\/#organization"},"potentialAction":[{"@type":"SearchAction","target":{"@type":"EntryPoint","urlTemplate":"https:\/\/accessibi.com\/?s={search_term_string}"},"query-input":{"@type":"PropertyValueSpecification","valueRequired":true,"valueName":"search_term_string"}}],"inLanguage":"hu"},{"@type":"Organization","@id":"https:\/\/accessibi.com\/#organization","name":"Accessibi","url":"https:\/\/accessibi.com\/","logo":{"@type":"ImageObject","inLanguage":"hu","@id":"https:\/\/accessibi.com\/#\/schema\/logo\/image\/","url":"https:\/\/accessibi.com\/wp-content\/uploads\/2025\/04\/accessibi-blue.svg","contentUrl":"https:\/\/accessibi.com\/wp-content\/uploads\/2025\/04\/accessibi-blue.svg","width":511,"height":82,"caption":"Accessibi"},"image":{"@id":"https:\/\/accessibi.com\/#\/schema\/logo\/image\/"}},{"@type":"Person","@id":"https:\/\/accessibi.com\/#\/schema\/person\/627c156f54e1f6c145189c948c6286fa","name":"admin","image":{"@type":"ImageObject","inLanguage":"hu","@id":"https:\/\/accessibi.com\/#\/schema\/person\/image\/","url":"https:\/\/secure.gravatar.com\/avatar\/e5834dee02af5e414763876af9e2162aec9fc082b14aa685718e54b759d1b861?s=96&d=mm&r=g","contentUrl":"https:\/\/secure.gravatar.com\/avatar\/e5834dee02af5e414763876af9e2162aec9fc082b14aa685718e54b759d1b861?s=96&d=mm&r=g","caption":"admin"},"sameAs":["https:\/\/accessibi.com"],"url":"https:\/\/accessibi.com\/hu\/author\/mail_rx1yoewd\/"}]}},"_links":{"self":[{"href":"https:\/\/accessibi.com\/hu\/wp-json\/wp\/v2\/posts\/750","targetHints":{"allow":["GET"]}}],"collection":[{"href":"https:\/\/accessibi.com\/hu\/wp-json\/wp\/v2\/posts"}],"about":[{"href":"https:\/\/accessibi.com\/hu\/wp-json\/wp\/v2\/types\/post"}],"author":[{"embeddable":true,"href":"https:\/\/accessibi.com\/hu\/wp-json\/wp\/v2\/users\/1"}],"replies":[{"embeddable":true,"href":"https:\/\/accessibi.com\/hu\/wp-json\/wp\/v2\/comments?post=750"}],"version-history":[{"count":2,"href":"https:\/\/accessibi.com\/hu\/wp-json\/wp\/v2\/posts\/750\/revisions"}],"predecessor-version":[{"id":760,"href":"https:\/\/accessibi.com\/hu\/wp-json\/wp\/v2\/posts\/750\/revisions\/760"}],"wp:featuredmedia":[{"embeddable":true,"href":"https:\/\/accessibi.com\/hu\/wp-json\/wp\/v2\/media\/751"}],"wp:attachment":[{"href":"https:\/\/accessibi.com\/hu\/wp-json\/wp\/v2\/media?parent=750"}],"wp:term":[{"taxonomy":"category","embeddable":true,"href":"https:\/\/accessibi.com\/hu\/wp-json\/wp\/v2\/categories?post=750"},{"taxonomy":"post_tag","embeddable":true,"href":"https:\/\/accessibi.com\/hu\/wp-json\/wp\/v2\/tags?post=750"}],"curies":[{"name":"wp","href":"https:\/\/api.w.org\/{rel}","templated":true}]}}