{"id":397,"date":"2024-09-21T16:40:50","date_gmt":"2024-09-21T16:40:50","guid":{"rendered":"https:\/\/accessibi.com\/?p=322"},"modified":"2024-09-21T16:40:50","modified_gmt":"2024-09-21T16:40:50","slug":"laccessibilita-web-un-obbligo-legale-e-unopportunita-per-il-futuro","status":"publish","type":"post","link":"https:\/\/accessibi.com\/it\/laccessibilita-web-un-obbligo-legale-e-unopportunita-per-il-futuro\/","title":{"rendered":"L&#8217;accessibilit\u00e0 web: un obbligo legale e un&#8217;opportunit\u00e0 per il futuro"},"content":{"rendered":"\n<p>Negli ultimi anni, l&#8217;accessibilit\u00e0 web \u00e8 diventata una priorit\u00e0 per governi, aziende e sviluppatori web. Non si tratta solo di una questione etica o sociale, ma di un vero e proprio obbligo legale in molte parti del mondo, compresa l&#8217;Europa. Con l&#8217;entrata in vigore del <em>European Accessibility Act<\/em> nel 2025, tutte le aziende saranno obbligate a rendere i loro siti web accessibili alle persone con disabilit\u00e0. Ma l&#8217;accessibilit\u00e0 non deve essere vista solo come una regola da seguire. \u00c8 anche un&#8217;opportunit\u00e0 per migliorare la fruizione del web e attrarre un pubblico pi\u00f9 ampio.<\/p>\n\n\n\n<h4 class=\"wp-block-heading\"><strong>Perch\u00e9 l&#8217;accessibilit\u00e0 \u00e8 importante?<\/strong><\/h4>\n\n\n\n<p>Circa il 15% della popolazione mondiale vive con una qualche forma di disabilit\u00e0, che pu\u00f2 influire sul modo in cui interagiscono con i contenuti online. Tuttavia, la maggior parte dei siti web non \u00e8 progettata tenendo conto delle loro esigenze. Questo significa che milioni di persone non riescono a navigare facilmente su internet, trovare informazioni o utilizzare servizi essenziali.<\/p>\n\n\n\n<p>Un sito accessibile garantisce che tutti, indipendentemente dalle proprie capacit\u00e0 fisiche o cognitive, possano fruire dei suoi contenuti in modo completo. Non si tratta solo di aggiungere testo alternativo alle immagini o di rendere i video accessibili: si tratta di creare un&#8217;esperienza fluida e inclusiva per ogni utente, migliorando la navigazione, la leggibilit\u00e0 e l&#8217;interattivit\u00e0.<\/p>\n\n\n\n<h4 class=\"wp-block-heading\"><strong>L&#8217;accessibilit\u00e0 come vantaggio competitivo<\/strong><\/h4>\n\n\n\n<p>Oltre all\u2019obbligo legale, l\u2019accessibilit\u00e0 pu\u00f2 diventare un potente vantaggio competitivo per le aziende. Offrire un sito accessibile significa attirare un pubblico pi\u00f9 ampio, inclusivo di persone con disabilit\u00e0, anziani o utenti con connessioni internet lente. In un mercato sempre pi\u00f9 competitivo, distinguersi per il proprio impegno verso l&#8217;inclusivit\u00e0 pu\u00f2 migliorare la reputazione del brand e creare una base di clienti pi\u00f9 fedele.<\/p>\n\n\n\n<p>Ma non finisce qui. L&#8217;accessibilit\u00e0 migliora anche l&#8217;esperienza utente complessiva. Un sito facile da navigare e comprensibile non solo aiuta chi ha difficolt\u00e0 specifiche, ma rende la vita pi\u00f9 semplice anche a tutti gli altri utenti. Un\u2019interfaccia intuitiva, pulsanti ben visibili, testi chiari e contenuti ben strutturati aumentano la permanenza sul sito e riducono i tassi di abbandono.<\/p>\n\n\n\n<h4 class=\"wp-block-heading\"><strong>L&#8217;accessibilit\u00e0 e la SEO: un binomio vincente<\/strong><\/h4>\n\n\n\n<p>Un altro aspetto da considerare \u00e8 l&#8217;impatto dell&#8217;accessibilit\u00e0 sulla SEO. I motori di ricerca, come Google, preferiscono siti ben strutturati e facili da navigare. I siti accessibili rispettano le migliori pratiche in termini di struttura dei contenuti, velocit\u00e0 di caricamento e ottimizzazione delle immagini. Questo li rende pi\u00f9 facili da indicizzare e, di conseguenza, aumenta la visibilit\u00e0 nei risultati di ricerca.<\/p>\n\n\n\n<p>Avere un sito accessibile, quindi, non significa solo rispettare le normative e fare la cosa giusta: significa anche migliorare il posizionamento organico, attrarre pi\u00f9 traffico e ottenere un vantaggio sui concorrenti meno attenti a queste tematiche.<\/p>\n\n\n\n<h4 class=\"wp-block-heading\"><strong>Come Accessibi pu\u00f2 aiutarti a conformarti e crescere<\/strong><\/h4>\n\n\n\n<p>Con la scadenza del 2025 sempre pi\u00f9 vicina, molte aziende si stanno chiedendo come adeguare i propri siti web alle nuove normative sull&#8217;accessibilit\u00e0. <strong>Accessibi<\/strong> offre una soluzione chiavi in mano per aiutarti a rendere il tuo sito conforme alle linee guida del <em>European Accessibility Act<\/em>.<\/p>\n\n\n\n<p>Il nostro team di esperti effettuer\u00e0 un&#8217;analisi dettagliata del tuo sito, identificando le aree che richiedono miglioramenti. Successivamente, implementeremo le modifiche necessarie per garantire che il tuo sito sia accessibile, rispettando i requisiti legali e migliorando l&#8217;esperienza utente. Dalla gestione dei contenuti visivi, alla creazione di una navigazione intuitiva e responsiva, ci occuperemo di tutto per te.<\/p>\n\n\n\n<p>Ma non ci fermiamo alla conformit\u00e0: <strong>Accessibi<\/strong> ti aiuter\u00e0 a vedere l&#8217;accessibilit\u00e0 come un&#8217;opportunit\u00e0 per crescere. Con un sito pi\u00f9 inclusivo, non solo eviterai le sanzioni, ma potrai attirare un pubblico pi\u00f9 vasto, migliorare il tuo posizionamento SEO e consolidare la tua reputazione come azienda attenta e responsabile.<\/p>\n\n\n\n<h4 class=\"wp-block-heading\"><strong>Conclusione<\/strong><\/h4>\n\n\n\n<p>L\u2019accessibilit\u00e0 web \u00e8 il futuro, e con l&#8217;obbligo legale in arrivo nel 2025, tutte le aziende dovranno adeguarsi. Ma questo non deve essere visto come un peso: \u00e8 un&#8217;opportunit\u00e0 per migliorare il proprio sito, aumentare il pubblico e rafforzare la propria posizione sul mercato. Con <strong>Accessibi<\/strong>, puoi affrontare questa sfida con serenit\u00e0, sapendo di avere al tuo fianco un team di esperti pronti a rendere il tuo sito accessibile, conforme e competitivo.<\/p>\n","protected":false},"excerpt":{"rendered":"<p>Negli ultimi anni, l&#8217;accessibilit\u00e0 web \u00e8 diventata una priorit\u00e0 per governi, aziende e sviluppatori web. Non si tratta solo di una questione etica o sociale, ma di un vero e proprio obbligo legale in molte parti del mondo, compresa l&#8217;Europa. Con l&#8217;entrata in vigore del European Accessibility Act nel 2025, tutte le aziende saranno obbligate [&hellip;]<\/p>\n","protected":false},"author":1,"featured_media":398,"comment_status":"open","ping_status":"open","sticky":false,"template":"","format":"standard","meta":{"footnotes":""},"categories":[10],"tags":[],"class_list":["post-397","post","type-post","status-publish","format-standard","has-post-thumbnail","hentry","category-accessibilita"],"yoast_head":"<!-- This site is optimized with the Yoast SEO plugin v26.3 - https:\/\/yoast.com\/wordpress\/plugins\/seo\/ -->\n<title>L&#039;accessibilit\u00e0 web: un obbligo legale e un&#039;opportunit\u00e0 per il futuro | Accessibi<\/title>\n<meta name=\"robots\" content=\"index, follow, max-snippet:-1, max-image-preview:large, max-video-preview:-1\" \/>\n<link rel=\"canonical\" href=\"https:\/\/accessibi.com\/it\/laccessibilita-web-un-obbligo-legale-e-unopportunita-per-il-futuro\/\" \/>\n<meta property=\"og:locale\" content=\"it_IT\" \/>\n<meta property=\"og:type\" content=\"article\" \/>\n<meta property=\"og:title\" content=\"L&#039;accessibilit\u00e0 web: un obbligo legale e un&#039;opportunit\u00e0 per il futuro | Accessibi\" \/>\n<meta property=\"og:description\" content=\"Negli ultimi anni, l&#8217;accessibilit\u00e0 web \u00e8 diventata una priorit\u00e0 per governi, aziende e sviluppatori web. Non si tratta solo di una questione etica o sociale, ma di un vero e proprio obbligo legale in molte parti del mondo, compresa l&#8217;Europa. Con l&#8217;entrata in vigore del European Accessibility Act nel 2025, tutte le aziende saranno obbligate [&hellip;]\" \/>\n<meta property=\"og:url\" content=\"https:\/\/accessibi.com\/it\/laccessibilita-web-un-obbligo-legale-e-unopportunita-per-il-futuro\/\" \/>\n<meta property=\"og:site_name\" content=\"Accessibi\" \/>\n<meta property=\"article:published_time\" content=\"2024-09-21T16:40:50+00:00\" \/>\n<meta property=\"og:image\" content=\"https:\/\/accessibi.com\/wp-content\/uploads\/2024\/09\/woman-who-uses-a-wheelchair-being-pushed-in-an-off-2024-01-23-00-43-35-utc.jpg\" \/>\n\t<meta property=\"og:image:width\" content=\"2400\" \/>\n\t<meta property=\"og:image:height\" content=\"1597\" \/>\n\t<meta property=\"og:image:type\" content=\"image\/jpeg\" \/>\n<meta name=\"author\" content=\"admin\" \/>\n<meta name=\"twitter:card\" content=\"summary_large_image\" \/>\n<meta name=\"twitter:label1\" content=\"Scritto da\" \/>\n\t<meta name=\"twitter:data1\" content=\"admin\" \/>\n\t<meta name=\"twitter:label2\" content=\"Tempo di lettura stimato\" \/>\n\t<meta name=\"twitter:data2\" content=\"4 minuti\" \/>\n<script type=\"application\/ld+json\" class=\"yoast-schema-graph\">{\"@context\":\"https:\/\/schema.org\",\"@graph\":[{\"@type\":\"Article\",\"@id\":\"https:\/\/accessibi.com\/laccessibilita-web-un-obbligo-legale-e-unopportunita-per-il-futuro\/#article\",\"isPartOf\":{\"@id\":\"https:\/\/accessibi.com\/laccessibilita-web-un-obbligo-legale-e-unopportunita-per-il-futuro\/\"},\"author\":{\"name\":\"admin\",\"@id\":\"https:\/\/accessibi.com\/#\/schema\/person\/627c156f54e1f6c145189c948c6286fa\"},\"headline\":\"L&#8217;accessibilit\u00e0 web: un obbligo legale e un&#8217;opportunit\u00e0 per il futuro\",\"datePublished\":\"2024-09-21T16:40:50+00:00\",\"mainEntityOfPage\":{\"@id\":\"https:\/\/accessibi.com\/laccessibilita-web-un-obbligo-legale-e-unopportunita-per-il-futuro\/\"},\"wordCount\":697,\"commentCount\":0,\"publisher\":{\"@id\":\"https:\/\/accessibi.com\/#organization\"},\"image\":{\"@id\":\"https:\/\/accessibi.com\/laccessibilita-web-un-obbligo-legale-e-unopportunita-per-il-futuro\/#primaryimage\"},\"thumbnailUrl\":\"https:\/\/accessibi.com\/wp-content\/uploads\/2024\/09\/woman-who-uses-a-wheelchair-being-pushed-in-an-off-2024-01-23-00-43-35-utc.jpg\",\"articleSection\":[\"Accessibilit\u00e0\"],\"inLanguage\":\"it-IT\",\"potentialAction\":[{\"@type\":\"CommentAction\",\"name\":\"Comment\",\"target\":[\"https:\/\/accessibi.com\/laccessibilita-web-un-obbligo-legale-e-unopportunita-per-il-futuro\/#respond\"]}]},{\"@type\":\"WebPage\",\"@id\":\"https:\/\/accessibi.com\/laccessibilita-web-un-obbligo-legale-e-unopportunita-per-il-futuro\/\",\"url\":\"https:\/\/accessibi.com\/laccessibilita-web-un-obbligo-legale-e-unopportunita-per-il-futuro\/\",\"name\":\"L'accessibilit\u00e0 web: un obbligo legale e un'opportunit\u00e0 per il futuro | Accessibi\",\"isPartOf\":{\"@id\":\"https:\/\/accessibi.com\/#website\"},\"primaryImageOfPage\":{\"@id\":\"https:\/\/accessibi.com\/laccessibilita-web-un-obbligo-legale-e-unopportunita-per-il-futuro\/#primaryimage\"},\"image\":{\"@id\":\"https:\/\/accessibi.com\/laccessibilita-web-un-obbligo-legale-e-unopportunita-per-il-futuro\/#primaryimage\"},\"thumbnailUrl\":\"https:\/\/accessibi.com\/wp-content\/uploads\/2024\/09\/woman-who-uses-a-wheelchair-being-pushed-in-an-off-2024-01-23-00-43-35-utc.jpg\",\"datePublished\":\"2024-09-21T16:40:50+00:00\",\"breadcrumb\":{\"@id\":\"https:\/\/accessibi.com\/laccessibilita-web-un-obbligo-legale-e-unopportunita-per-il-futuro\/#breadcrumb\"},\"inLanguage\":\"it-IT\",\"potentialAction\":[{\"@type\":\"ReadAction\",\"target\":[\"https:\/\/accessibi.com\/laccessibilita-web-un-obbligo-legale-e-unopportunita-per-il-futuro\/\"]}]},{\"@type\":\"ImageObject\",\"inLanguage\":\"it-IT\",\"@id\":\"https:\/\/accessibi.com\/laccessibilita-web-un-obbligo-legale-e-unopportunita-per-il-futuro\/#primaryimage\",\"url\":\"https:\/\/accessibi.com\/wp-content\/uploads\/2024\/09\/woman-who-uses-a-wheelchair-being-pushed-in-an-off-2024-01-23-00-43-35-utc.jpg\",\"contentUrl\":\"https:\/\/accessibi.com\/wp-content\/uploads\/2024\/09\/woman-who-uses-a-wheelchair-being-pushed-in-an-off-2024-01-23-00-43-35-utc.jpg\",\"width\":2400,\"height\":1597,\"caption\":\"Portrait of a young woman who uses a wheelchair laughing and being pushed in an office chair by an african american male colleague. Other diverse colleagues being blurry in the background. Copy space.\"},{\"@type\":\"BreadcrumbList\",\"@id\":\"https:\/\/accessibi.com\/laccessibilita-web-un-obbligo-legale-e-unopportunita-per-il-futuro\/#breadcrumb\",\"itemListElement\":[{\"@type\":\"ListItem\",\"position\":1,\"name\":\"Home\",\"item\":\"https:\/\/accessibi.com\/\"},{\"@type\":\"ListItem\",\"position\":2,\"name\":\"L&#8217;accessibilit\u00e0 web: un obbligo legale e un&#8217;opportunit\u00e0 per il futuro\"}]},{\"@type\":\"WebSite\",\"@id\":\"https:\/\/accessibi.com\/#website\",\"url\":\"https:\/\/accessibi.com\/\",\"name\":\"Accessibi\",\"description\":\"Accessibilit\u00e0 per tutti, senza compromessi\",\"publisher\":{\"@id\":\"https:\/\/accessibi.com\/#organization\"},\"potentialAction\":[{\"@type\":\"SearchAction\",\"target\":{\"@type\":\"EntryPoint\",\"urlTemplate\":\"https:\/\/accessibi.com\/?s={search_term_string}\"},\"query-input\":{\"@type\":\"PropertyValueSpecification\",\"valueRequired\":true,\"valueName\":\"search_term_string\"}}],\"inLanguage\":\"it-IT\"},{\"@type\":\"Organization\",\"@id\":\"https:\/\/accessibi.com\/#organization\",\"name\":\"Accessibi\",\"url\":\"https:\/\/accessibi.com\/\",\"logo\":{\"@type\":\"ImageObject\",\"inLanguage\":\"it-IT\",\"@id\":\"https:\/\/accessibi.com\/#\/schema\/logo\/image\/\",\"url\":\"https:\/\/accessibi.com\/wp-content\/uploads\/2025\/04\/accessibi-blue.svg\",\"contentUrl\":\"https:\/\/accessibi.com\/wp-content\/uploads\/2025\/04\/accessibi-blue.svg\",\"width\":511,\"height\":82,\"caption\":\"Accessibi\"},\"image\":{\"@id\":\"https:\/\/accessibi.com\/#\/schema\/logo\/image\/\"}},{\"@type\":\"Person\",\"@id\":\"https:\/\/accessibi.com\/#\/schema\/person\/627c156f54e1f6c145189c948c6286fa\",\"name\":\"admin\",\"image\":{\"@type\":\"ImageObject\",\"inLanguage\":\"it-IT\",\"@id\":\"https:\/\/accessibi.com\/#\/schema\/person\/image\/\",\"url\":\"https:\/\/secure.gravatar.com\/avatar\/e5834dee02af5e414763876af9e2162aec9fc082b14aa685718e54b759d1b861?s=96&d=mm&r=g\",\"contentUrl\":\"https:\/\/secure.gravatar.com\/avatar\/e5834dee02af5e414763876af9e2162aec9fc082b14aa685718e54b759d1b861?s=96&d=mm&r=g\",\"caption\":\"admin\"},\"sameAs\":[\"https:\/\/accessibi.com\"],\"url\":\"https:\/\/accessibi.com\/it\/author\/mail_rx1yoewd\/\"}]}<\/script>\n<!-- \/ Yoast SEO plugin. -->","yoast_head_json":{"title":"L'accessibilit\u00e0 web: un obbligo legale e un'opportunit\u00e0 per il futuro | Accessibi","robots":{"index":"index","follow":"follow","max-snippet":"max-snippet:-1","max-image-preview":"max-image-preview:large","max-video-preview":"max-video-preview:-1"},"canonical":"https:\/\/accessibi.com\/it\/laccessibilita-web-un-obbligo-legale-e-unopportunita-per-il-futuro\/","og_locale":"it_IT","og_type":"article","og_title":"L'accessibilit\u00e0 web: un obbligo legale e un'opportunit\u00e0 per il futuro | Accessibi","og_description":"Negli ultimi anni, l&#8217;accessibilit\u00e0 web \u00e8 diventata una priorit\u00e0 per governi, aziende e sviluppatori web. Non si tratta solo di una questione etica o sociale, ma di un vero e proprio obbligo legale in molte parti del mondo, compresa l&#8217;Europa. Con l&#8217;entrata in vigore del European Accessibility Act nel 2025, tutte le aziende saranno obbligate [&hellip;]","og_url":"https:\/\/accessibi.com\/it\/laccessibilita-web-un-obbligo-legale-e-unopportunita-per-il-futuro\/","og_site_name":"Accessibi","article_published_time":"2024-09-21T16:40:50+00:00","og_image":[{"width":2400,"height":1597,"url":"https:\/\/accessibi.com\/wp-content\/uploads\/2024\/09\/woman-who-uses-a-wheelchair-being-pushed-in-an-off-2024-01-23-00-43-35-utc.jpg","type":"image\/jpeg"}],"author":"admin","twitter_card":"summary_large_image","twitter_misc":{"Scritto da":"admin","Tempo di lettura stimato":"4 minuti"},"schema":{"@context":"https:\/\/schema.org","@graph":[{"@type":"Article","@id":"https:\/\/accessibi.com\/laccessibilita-web-un-obbligo-legale-e-unopportunita-per-il-futuro\/#article","isPartOf":{"@id":"https:\/\/accessibi.com\/laccessibilita-web-un-obbligo-legale-e-unopportunita-per-il-futuro\/"},"author":{"name":"admin","@id":"https:\/\/accessibi.com\/#\/schema\/person\/627c156f54e1f6c145189c948c6286fa"},"headline":"L&#8217;accessibilit\u00e0 web: un obbligo legale e un&#8217;opportunit\u00e0 per il futuro","datePublished":"2024-09-21T16:40:50+00:00","mainEntityOfPage":{"@id":"https:\/\/accessibi.com\/laccessibilita-web-un-obbligo-legale-e-unopportunita-per-il-futuro\/"},"wordCount":697,"commentCount":0,"publisher":{"@id":"https:\/\/accessibi.com\/#organization"},"image":{"@id":"https:\/\/accessibi.com\/laccessibilita-web-un-obbligo-legale-e-unopportunita-per-il-futuro\/#primaryimage"},"thumbnailUrl":"https:\/\/accessibi.com\/wp-content\/uploads\/2024\/09\/woman-who-uses-a-wheelchair-being-pushed-in-an-off-2024-01-23-00-43-35-utc.jpg","articleSection":["Accessibilit\u00e0"],"inLanguage":"it-IT","potentialAction":[{"@type":"CommentAction","name":"Comment","target":["https:\/\/accessibi.com\/laccessibilita-web-un-obbligo-legale-e-unopportunita-per-il-futuro\/#respond"]}]},{"@type":"WebPage","@id":"https:\/\/accessibi.com\/laccessibilita-web-un-obbligo-legale-e-unopportunita-per-il-futuro\/","url":"https:\/\/accessibi.com\/laccessibilita-web-un-obbligo-legale-e-unopportunita-per-il-futuro\/","name":"L'accessibilit\u00e0 web: un obbligo legale e un'opportunit\u00e0 per il futuro | Accessibi","isPartOf":{"@id":"https:\/\/accessibi.com\/#website"},"primaryImageOfPage":{"@id":"https:\/\/accessibi.com\/laccessibilita-web-un-obbligo-legale-e-unopportunita-per-il-futuro\/#primaryimage"},"image":{"@id":"https:\/\/accessibi.com\/laccessibilita-web-un-obbligo-legale-e-unopportunita-per-il-futuro\/#primaryimage"},"thumbnailUrl":"https:\/\/accessibi.com\/wp-content\/uploads\/2024\/09\/woman-who-uses-a-wheelchair-being-pushed-in-an-off-2024-01-23-00-43-35-utc.jpg","datePublished":"2024-09-21T16:40:50+00:00","breadcrumb":{"@id":"https:\/\/accessibi.com\/laccessibilita-web-un-obbligo-legale-e-unopportunita-per-il-futuro\/#breadcrumb"},"inLanguage":"it-IT","potentialAction":[{"@type":"ReadAction","target":["https:\/\/accessibi.com\/laccessibilita-web-un-obbligo-legale-e-unopportunita-per-il-futuro\/"]}]},{"@type":"ImageObject","inLanguage":"it-IT","@id":"https:\/\/accessibi.com\/laccessibilita-web-un-obbligo-legale-e-unopportunita-per-il-futuro\/#primaryimage","url":"https:\/\/accessibi.com\/wp-content\/uploads\/2024\/09\/woman-who-uses-a-wheelchair-being-pushed-in-an-off-2024-01-23-00-43-35-utc.jpg","contentUrl":"https:\/\/accessibi.com\/wp-content\/uploads\/2024\/09\/woman-who-uses-a-wheelchair-being-pushed-in-an-off-2024-01-23-00-43-35-utc.jpg","width":2400,"height":1597,"caption":"Portrait of a young woman who uses a wheelchair laughing and being pushed in an office chair by an african american male colleague. Other diverse colleagues being blurry in the background. Copy space."},{"@type":"BreadcrumbList","@id":"https:\/\/accessibi.com\/laccessibilita-web-un-obbligo-legale-e-unopportunita-per-il-futuro\/#breadcrumb","itemListElement":[{"@type":"ListItem","position":1,"name":"Home","item":"https:\/\/accessibi.com\/"},{"@type":"ListItem","position":2,"name":"L&#8217;accessibilit\u00e0 web: un obbligo legale e un&#8217;opportunit\u00e0 per il futuro"}]},{"@type":"WebSite","@id":"https:\/\/accessibi.com\/#website","url":"https:\/\/accessibi.com\/","name":"Accessibi","description":"Accessibilit\u00e0 per tutti, senza compromessi","publisher":{"@id":"https:\/\/accessibi.com\/#organization"},"potentialAction":[{"@type":"SearchAction","target":{"@type":"EntryPoint","urlTemplate":"https:\/\/accessibi.com\/?s={search_term_string}"},"query-input":{"@type":"PropertyValueSpecification","valueRequired":true,"valueName":"search_term_string"}}],"inLanguage":"it-IT"},{"@type":"Organization","@id":"https:\/\/accessibi.com\/#organization","name":"Accessibi","url":"https:\/\/accessibi.com\/","logo":{"@type":"ImageObject","inLanguage":"it-IT","@id":"https:\/\/accessibi.com\/#\/schema\/logo\/image\/","url":"https:\/\/accessibi.com\/wp-content\/uploads\/2025\/04\/accessibi-blue.svg","contentUrl":"https:\/\/accessibi.com\/wp-content\/uploads\/2025\/04\/accessibi-blue.svg","width":511,"height":82,"caption":"Accessibi"},"image":{"@id":"https:\/\/accessibi.com\/#\/schema\/logo\/image\/"}},{"@type":"Person","@id":"https:\/\/accessibi.com\/#\/schema\/person\/627c156f54e1f6c145189c948c6286fa","name":"admin","image":{"@type":"ImageObject","inLanguage":"it-IT","@id":"https:\/\/accessibi.com\/#\/schema\/person\/image\/","url":"https:\/\/secure.gravatar.com\/avatar\/e5834dee02af5e414763876af9e2162aec9fc082b14aa685718e54b759d1b861?s=96&d=mm&r=g","contentUrl":"https:\/\/secure.gravatar.com\/avatar\/e5834dee02af5e414763876af9e2162aec9fc082b14aa685718e54b759d1b861?s=96&d=mm&r=g","caption":"admin"},"sameAs":["https:\/\/accessibi.com"],"url":"https:\/\/accessibi.com\/it\/author\/mail_rx1yoewd\/"}]}},"_links":{"self":[{"href":"https:\/\/accessibi.com\/it\/wp-json\/wp\/v2\/posts\/397","targetHints":{"allow":["GET"]}}],"collection":[{"href":"https:\/\/accessibi.com\/it\/wp-json\/wp\/v2\/posts"}],"about":[{"href":"https:\/\/accessibi.com\/it\/wp-json\/wp\/v2\/types\/post"}],"author":[{"embeddable":true,"href":"https:\/\/accessibi.com\/it\/wp-json\/wp\/v2\/users\/1"}],"replies":[{"embeddable":true,"href":"https:\/\/accessibi.com\/it\/wp-json\/wp\/v2\/comments?post=397"}],"version-history":[{"count":0,"href":"https:\/\/accessibi.com\/it\/wp-json\/wp\/v2\/posts\/397\/revisions"}],"wp:featuredmedia":[{"embeddable":true,"href":"https:\/\/accessibi.com\/it\/wp-json\/wp\/v2\/media\/398"}],"wp:attachment":[{"href":"https:\/\/accessibi.com\/it\/wp-json\/wp\/v2\/media?parent=397"}],"wp:term":[{"taxonomy":"category","embeddable":true,"href":"https:\/\/accessibi.com\/it\/wp-json\/wp\/v2\/categories?post=397"},{"taxonomy":"post_tag","embeddable":true,"href":"https:\/\/accessibi.com\/it\/wp-json\/wp\/v2\/tags?post=397"}],"curies":[{"name":"wp","href":"https:\/\/api.w.org\/{rel}","templated":true}]}}