{"id":387,"date":"2024-09-21T16:44:10","date_gmt":"2024-09-21T16:44:10","guid":{"rendered":"https:\/\/accessibi.com\/?p=292"},"modified":"2024-09-21T16:44:10","modified_gmt":"2024-09-21T16:44:10","slug":"acessibilidade-obrigatoria-da-web-na-europa-a-partir-de-2025-o-que-as-empresas-precisam-de-saber","status":"publish","type":"post","link":"https:\/\/accessibi.com\/pt\/acessibilidade-obrigatoria-da-web-na-europa-a-partir-de-2025-o-que-as-empresas-precisam-de-saber\/","title":{"rendered":"Acessibilidade obrigat\u00f3ria da Web na Europa a partir de 2025: o que saber"},"content":{"rendered":"<p>A partir de 28 de junho de 2025, a acessibilidade da Web tornar-se-\u00e1 uma obriga\u00e7\u00e3o legal para todas as empresas que operam na Uni\u00e3o Europeia, em conformidade com o<strong>Ato Europeu da Acessibilidade<\/strong> (EAA). Esta legisla\u00e7\u00e3o representa uma mudan\u00e7a significativa para a paisagem digital europeia, real\u00e7ando o acesso universal \u00e0 Web e aos servi\u00e7os digitais, independentemente das capacidades f\u00edsicas ou cognitivas dos utilizadores. Mas o que \u00e9 que isto significa exatamente para as empresas e qual a melhor forma de se prepararem para cumprir o prazo?<\/p>\n\n\n\n<h3 class=\"wp-block-heading\"><strong>O que \u00e9 o Ato Europeu de Acessibilidade?<\/strong><\/h3>\n\n\n\n<p>A Lei Europeia da Acessibilidade \u00e9 uma legisla\u00e7\u00e3o ambiciosa introduzida pela Uni\u00e3o Europeia para reduzir as barreiras digitais que as pessoas com defici\u00eancia enfrentam diariamente. Abrange n\u00e3o s\u00f3 a navega\u00e7\u00e3o na Web, mas estende-se a uma vasta gama de produtos e servi\u00e7os digitais, incluindo aplica\u00e7\u00f5es m\u00f3veis, plataformas de com\u00e9rcio eletr\u00f3nico, caixas multibanco, m\u00e1quinas de venda autom\u00e1tica e leitores de livros electr\u00f3nicos. O principal objetivo das CEA \u00e9 promover um ambiente digital inclusivo em que as pessoas com defici\u00eancia tenham igual acesso \u00e0 informa\u00e7\u00e3o, aos produtos e aos servi\u00e7os.<\/p>\n\n\n\n<p>Para as empresas italianas e as que operam na Europa, o EAA significa uma mudan\u00e7a radical na forma como os s\u00edtios Web e as aplica\u00e7\u00f5es digitais devem ser concebidos e geridos. Se at\u00e9 hoje muitos s\u00edtios Web e plataformas podiam ignorar certos aspectos da acessibilidade, 2025 marcar\u00e1 o in\u00edcio de uma nova era em que estas carater\u00edsticas ser\u00e3o essenciais para operar legalmente no mercado europeu.<\/p>\n\n\n\n<h3 class=\"wp-block-heading\"><strong>Implica\u00e7\u00f5es para as empresas<\/strong><\/h3>\n\n\n\n<p>\u00c0 medida que o prazo se aproxima, todas as empresas que operam na Europa ter\u00e3o de cumprir normas de acessibilidade rigorosas, definidas pelo <strong>WCAG (Diretrizes de Acessibilidade para o Conte\u00fado da Web)<\/strong>que constituem o quadro para a cria\u00e7\u00e3o de conte\u00fados Web acess\u00edveis. As WCAG incluem um conjunto de requisitos t\u00e9cnicos e pr\u00e1ticos concebidos para garantir que as pessoas com defici\u00eancia possam utilizar s\u00edtios Web e aplica\u00e7\u00f5es t\u00e3o facilmente como qualquer outra pessoa.<\/p>\n\n\n\n<p>Os principais requisitos incluem:<\/p>\n\n\n\n<ul class=\"wp-block-list\">\n<li><strong>Compatibilidade com leitores de ecr\u00e3<\/strong>Os s\u00edtios Web devem ser facilmente acess\u00edveis a pessoas com defici\u00eancia visual que utilizem leitores de ecr\u00e3. Isto significa que todos os conte\u00fados visuais devem ser acompanhados de uma descri\u00e7\u00e3o de texto que possa ser \"lida\" por estas ferramentas.<\/li>\n\n\n\n<li><strong>Navega\u00e7\u00e3o por teclado<\/strong>\u00c9 essencial que um s\u00edtio seja naveg\u00e1vel inteiramente pelo teclado, uma vez que algumas pessoas com defici\u00eancias motoras podem n\u00e3o ser capazes de utilizar um rato.<\/li>\n\n\n\n<li><strong>Textos alternativos para imagens<\/strong>Cada imagem deve ser acompanhada de um texto descritivo alternativo que permita \u00e0s pessoas com defici\u00eancia visual compreender o conte\u00fado visual.<\/li>\n\n\n\n<li><strong>Contraste de cores<\/strong>Para garantir que os textos tamb\u00e9m possam ser lidos por pessoas com defici\u00eancia visual, \u00e9 importante que haja um contraste adequado entre o texto e o fundo.<\/li>\n\n\n\n<li><strong>Reduzir os elementos de distra\u00e7\u00e3o<\/strong>as anima\u00e7\u00f5es, as janelas instant\u00e2neas ou outros elementos visuais que possam perturbar a aten\u00e7\u00e3o dos utilizadores devem ser reduzidos ou tornados inoperacionais.<\/li>\n<\/ul>\n\n\n\n<p>O n\u00e3o cumprimento destes requisitos pode ter consequ\u00eancias significativas. As empresas que n\u00e3o cumprem os requisitos n\u00e3o s\u00f3 correm o risco de serem sujeitas a coimas elevadas, como tamb\u00e9m podem ser alvo de processos judiciais e de danos na sua reputa\u00e7\u00e3o. Num mundo cada vez mais centrado em pr\u00e1ticas inclusivas, o incumprimento das CEA pode alienar uma grande parte do p\u00fablico.<\/p>\n\n\n\n<h3 class=\"wp-block-heading\"><strong>Como se preparar para a Lei Europeia da Acessibilidade<\/strong><\/h3>\n\n\n\n<p>Com o prazo de 2025 cada vez mais pr\u00f3ximo, \u00e9 fundamental preparar-se com anteced\u00eancia. Esperar at\u00e9 ao \u00faltimo momento pode colocar as empresas em desvantagem, com o risco de terem de efetuar altera\u00e7\u00f5es precipitadas e pouco optimizadas. Em vez disso, as empresas que agirem agora ter\u00e3o tempo para implementar um plano de conformidade s\u00f3lido e bem estruturado, evitando a pressa de \u00faltima hora.<\/p>\n\n\n\n<p>Um primeiro passo crucial para qualquer empresa \u00e9 efetuar uma an\u00e1lise exaustiva da acessibilidade do seu s\u00edtio Web e das suas aplica\u00e7\u00f5es digitais. Esta an\u00e1lise deve identificar todas as \u00e1reas que precisam de ser melhoradas, desde quest\u00f5es de usabilidade para pessoas com defici\u00eancias visuais, auditivas ou motoras at\u00e9 \u00e0 compatibilidade com leitores de ecr\u00e3 e outras tecnologias de apoio.<\/p>\n\n\n\n<p>Neste contexto, os servi\u00e7os especializados, como os oferecidos por <strong>Acessibilidade<\/strong> pode fazer toda a diferen\u00e7a. A Accessibi n\u00e3o s\u00f3 oferece uma an\u00e1lise aprofundada dos problemas cr\u00edticos do s\u00edtio, como tamb\u00e9m fornece solu\u00e7\u00f5es f\u00e1ceis de implementar, permitindo que as empresas se alinhem rapidamente com os requisitos das WCAG e assegurem a conformidade com os regulamentos das EAA. A vantagem de utilizar uma plataforma como a Accessibi reside na simplicidade do processo: uma equipa de especialistas acompanha cada passo, desde a identifica\u00e7\u00e3o dos problemas at\u00e9 \u00e0 implementa\u00e7\u00e3o das solu\u00e7\u00f5es, minimizando o tempo e os recursos necess\u00e1rios \u00e0s empresas.<\/p>\n\n\n\n<h3 class=\"wp-block-heading\"><strong>Porqu\u00ea agir agora?<\/strong><\/h3>\n\n\n\n<p>Para al\u00e9m da vantagem \u00f3bvia de evitar san\u00e7\u00f5es financeiras e problemas legais, existem muitas raz\u00f5es pelas quais as empresas devem agir agora e tornar os seus s\u00edtios acess\u00edveis. Em primeiro lugar, um s\u00edtio acess\u00edvel n\u00e3o beneficia apenas as pessoas com defici\u00eancia: melhora a experi\u00eancia do utilizador para todos. Um s\u00edtio bem estruturado, com navega\u00e7\u00e3o intuitiva e conte\u00fado de f\u00e1cil leitura, \u00e9 mais agrad\u00e1vel de utilizar para todos, independentemente das capacidades. Isto traduz-se num maior envolvimento do utilizador, mais tempo passado no s\u00edtio e, em \u00faltima an\u00e1lise, em convers\u00f5es mais elevadas.<\/p>\n\n\n\n<p>A acessibilidade da Web tamb\u00e9m tem um impacto positivo na SEO. Motores de pesquisa como o Google recompensam os s\u00edtios Web que seguem as melhores pr\u00e1ticas de acessibilidade, melhorando a sua classifica\u00e7\u00e3o nos resultados de pesquisa. Por conseguinte, um s\u00edtio em conformidade com as WCAG n\u00e3o s\u00f3 ser\u00e1 acess\u00edvel a todos, como tamb\u00e9m ganhar\u00e1 maior visibilidade online, atraindo mais tr\u00e1fego org\u00e2nico.<\/p>\n\n\n\n<p>Outro aspeto a considerar \u00e9 a reputa\u00e7\u00e3o da empresa. Numa altura em que a inclus\u00e3o e a responsabilidade social s\u00e3o quest\u00f5es importantes, demonstrar um compromisso com a acessibilidade digital pode melhorar a imagem da marca. As empresas que d\u00e3o aten\u00e7\u00e3o \u00e0s necessidades de todos os seus clientes, incluindo os portadores de defici\u00eancia, constroem uma reputa\u00e7\u00e3o mais forte e fi\u00e1vel.<\/p>\n\n\n\n<h3 class=\"wp-block-heading\"><strong>Com Accessibi, est\u00e1 pronto para 2025<\/strong><\/h3>\n\n\n\n<p>Preparar a chegada de <em>Ato Europeu da Acessibilidade<\/em> pode parecer um desafio complexo, mas com <strong>Acessibilidade<\/strong>o processo torna-se simples e f\u00e1cil de gerir. A nossa equipa de especialistas ir\u00e1 gui\u00e1-lo em todas as etapas do processo, desde a an\u00e1lise inicial at\u00e9 \u00e0 implementa\u00e7\u00e3o das altera\u00e7\u00f5es, garantindo que o seu s\u00edtio esteja totalmente em conformidade at\u00e9 ao prazo de 2025.<\/p>\n\n\n\n<p>N\u00e3o espere at\u00e9 ao \u00faltimo minuto: aja agora e transforme a acessibilidade numa oportunidade para melhorar a sua empresa, proporcionar uma melhor experi\u00eancia aos seus utilizadores e aumentar a sua visibilidade em linha. Com <strong>Acessibilidade<\/strong>est\u00e1 em boas m\u00e3os.<\/p>","protected":false},"excerpt":{"rendered":"<p>A partire dal 28 giugno 2025, l&#8217;accessibilit\u00e0 web diventer\u00e0 un obbligo legale per tutte le aziende che operano all&#8217;interno dell&#8217;Unione Europea, in conformit\u00e0 con l&#8217;European Accessibility Act (EAA). Questa normativa rappresenta un cambiamento significativo per il panorama digitale europeo, ponendo l&#8217;accento su un accesso universale al web e ai servizi digitali, indipendentemente dalle capacit\u00e0 fisiche [&hellip;]<\/p>","protected":false},"author":1,"featured_media":388,"comment_status":"open","ping_status":"open","sticky":true,"template":"","format":"standard","meta":{"footnotes":""},"categories":[10],"tags":[],"class_list":["post-387","post","type-post","status-publish","format-standard","has-post-thumbnail","hentry","category-accessibilita"],"yoast_head":"<!-- This site is optimized with the Yoast SEO plugin v26.3 - https:\/\/yoast.com\/wordpress\/plugins\/seo\/ -->\n<title>Accessibilit\u00e0 web obbligatoria in Europa dal 2025: Cosa sapere | Accessibi<\/title>\n<meta name=\"robots\" content=\"index, follow, max-snippet:-1, max-image-preview:large, max-video-preview:-1\" \/>\n<link rel=\"canonical\" href=\"https:\/\/accessibi.com\/pt\/acessibilidade-obrigatoria-da-web-na-europa-a-partir-de-2025-o-que-as-empresas-precisam-de-saber\/\" \/>\n<meta property=\"og:locale\" content=\"pt_PT\" \/>\n<meta property=\"og:type\" content=\"article\" \/>\n<meta property=\"og:title\" content=\"Accessibilit\u00e0 web obbligatoria in Europa dal 2025: Cosa sapere | Accessibi\" \/>\n<meta property=\"og:description\" content=\"A partire dal 28 giugno 2025, l&#8217;accessibilit\u00e0 web diventer\u00e0 un obbligo legale per tutte le aziende che operano all&#8217;interno dell&#8217;Unione Europea, in conformit\u00e0 con l&#8217;European Accessibility Act (EAA). Questa normativa rappresenta un cambiamento significativo per il panorama digitale europeo, ponendo l&#8217;accento su un accesso universale al web e ai servizi digitali, indipendentemente dalle capacit\u00e0 fisiche [&hellip;]\" \/>\n<meta property=\"og:url\" content=\"https:\/\/accessibi.com\/pt\/acessibilidade-obrigatoria-da-web-na-europa-a-partir-de-2025-o-que-as-empresas-precisam-de-saber\/\" \/>\n<meta property=\"og:site_name\" content=\"Accessibi\" \/>\n<meta property=\"article:published_time\" content=\"2024-09-21T16:44:10+00:00\" \/>\n<meta property=\"og:image\" content=\"https:\/\/accessibi.com\/wp-content\/uploads\/2024\/09\/italy-and-european-union-flags-2023-11-27-04-57-48-utc-1.jpg\" \/>\n\t<meta property=\"og:image:width\" content=\"2500\" \/>\n\t<meta property=\"og:image:height\" content=\"1686\" \/>\n\t<meta property=\"og:image:type\" content=\"image\/jpeg\" \/>\n<meta name=\"author\" content=\"admin\" \/>\n<meta name=\"twitter:card\" content=\"summary_large_image\" \/>\n<meta name=\"twitter:label1\" content=\"Escrito por\" \/>\n\t<meta name=\"twitter:data1\" content=\"admin\" \/>\n\t<meta name=\"twitter:label2\" content=\"Tempo estimado de leitura\" \/>\n\t<meta name=\"twitter:data2\" content=\"6 minutos\" \/>\n<script type=\"application\/ld+json\" class=\"yoast-schema-graph\">{\"@context\":\"https:\/\/schema.org\",\"@graph\":[{\"@type\":\"Article\",\"@id\":\"https:\/\/accessibi.com\/laccessibilita-web-obbligatoria-in-europa-dal-2025-cosa-devono-sapere-le-aziende\/#article\",\"isPartOf\":{\"@id\":\"https:\/\/accessibi.com\/laccessibilita-web-obbligatoria-in-europa-dal-2025-cosa-devono-sapere-le-aziende\/\"},\"author\":{\"name\":\"admin\",\"@id\":\"https:\/\/accessibi.com\/#\/schema\/person\/627c156f54e1f6c145189c948c6286fa\"},\"headline\":\"Accessibilit\u00e0 web obbligatoria in Europa dal 2025: Cosa sapere\",\"datePublished\":\"2024-09-21T16:44:10+00:00\",\"mainEntityOfPage\":{\"@id\":\"https:\/\/accessibi.com\/laccessibilita-web-obbligatoria-in-europa-dal-2025-cosa-devono-sapere-le-aziende\/\"},\"wordCount\":1045,\"commentCount\":0,\"publisher\":{\"@id\":\"https:\/\/accessibi.com\/#organization\"},\"image\":{\"@id\":\"https:\/\/accessibi.com\/laccessibilita-web-obbligatoria-in-europa-dal-2025-cosa-devono-sapere-le-aziende\/#primaryimage\"},\"thumbnailUrl\":\"https:\/\/accessibi.com\/wp-content\/uploads\/2024\/09\/italy-and-european-union-flags-2023-11-27-04-57-48-utc-1.jpg\",\"articleSection\":[\"Accessibilit\u00e0\"],\"inLanguage\":\"pt-PT\",\"potentialAction\":[{\"@type\":\"CommentAction\",\"name\":\"Comment\",\"target\":[\"https:\/\/accessibi.com\/laccessibilita-web-obbligatoria-in-europa-dal-2025-cosa-devono-sapere-le-aziende\/#respond\"]}]},{\"@type\":\"WebPage\",\"@id\":\"https:\/\/accessibi.com\/laccessibilita-web-obbligatoria-in-europa-dal-2025-cosa-devono-sapere-le-aziende\/\",\"url\":\"https:\/\/accessibi.com\/laccessibilita-web-obbligatoria-in-europa-dal-2025-cosa-devono-sapere-le-aziende\/\",\"name\":\"Accessibilit\u00e0 web obbligatoria in Europa dal 2025: Cosa sapere | Accessibi\",\"isPartOf\":{\"@id\":\"https:\/\/accessibi.com\/#website\"},\"primaryImageOfPage\":{\"@id\":\"https:\/\/accessibi.com\/laccessibilita-web-obbligatoria-in-europa-dal-2025-cosa-devono-sapere-le-aziende\/#primaryimage\"},\"image\":{\"@id\":\"https:\/\/accessibi.com\/laccessibilita-web-obbligatoria-in-europa-dal-2025-cosa-devono-sapere-le-aziende\/#primaryimage\"},\"thumbnailUrl\":\"https:\/\/accessibi.com\/wp-content\/uploads\/2024\/09\/italy-and-european-union-flags-2023-11-27-04-57-48-utc-1.jpg\",\"datePublished\":\"2024-09-21T16:44:10+00:00\",\"breadcrumb\":{\"@id\":\"https:\/\/accessibi.com\/laccessibilita-web-obbligatoria-in-europa-dal-2025-cosa-devono-sapere-le-aziende\/#breadcrumb\"},\"inLanguage\":\"pt-PT\",\"potentialAction\":[{\"@type\":\"ReadAction\",\"target\":[\"https:\/\/accessibi.com\/laccessibilita-web-obbligatoria-in-europa-dal-2025-cosa-devono-sapere-le-aziende\/\"]}]},{\"@type\":\"ImageObject\",\"inLanguage\":\"pt-PT\",\"@id\":\"https:\/\/accessibi.com\/laccessibilita-web-obbligatoria-in-europa-dal-2025-cosa-devono-sapere-le-aziende\/#primaryimage\",\"url\":\"https:\/\/accessibi.com\/wp-content\/uploads\/2024\/09\/italy-and-european-union-flags-2023-11-27-04-57-48-utc-1.jpg\",\"contentUrl\":\"https:\/\/accessibi.com\/wp-content\/uploads\/2024\/09\/italy-and-european-union-flags-2023-11-27-04-57-48-utc-1.jpg\",\"width\":2500,\"height\":1686,\"caption\":\"Italy and European Union Flags on the Venetian Style Building.\"},{\"@type\":\"BreadcrumbList\",\"@id\":\"https:\/\/accessibi.com\/laccessibilita-web-obbligatoria-in-europa-dal-2025-cosa-devono-sapere-le-aziende\/#breadcrumb\",\"itemListElement\":[{\"@type\":\"ListItem\",\"position\":1,\"name\":\"Home\",\"item\":\"https:\/\/accessibi.com\/\"},{\"@type\":\"ListItem\",\"position\":2,\"name\":\"Accessibilit\u00e0 web obbligatoria in Europa dal 2025: Cosa sapere\"}]},{\"@type\":\"WebSite\",\"@id\":\"https:\/\/accessibi.com\/#website\",\"url\":\"https:\/\/accessibi.com\/\",\"name\":\"Accessibi\",\"description\":\"Accessibilit\u00e0 per tutti, senza compromessi\",\"publisher\":{\"@id\":\"https:\/\/accessibi.com\/#organization\"},\"potentialAction\":[{\"@type\":\"SearchAction\",\"target\":{\"@type\":\"EntryPoint\",\"urlTemplate\":\"https:\/\/accessibi.com\/?s={search_term_string}\"},\"query-input\":{\"@type\":\"PropertyValueSpecification\",\"valueRequired\":true,\"valueName\":\"search_term_string\"}}],\"inLanguage\":\"pt-PT\"},{\"@type\":\"Organization\",\"@id\":\"https:\/\/accessibi.com\/#organization\",\"name\":\"Accessibi\",\"url\":\"https:\/\/accessibi.com\/\",\"logo\":{\"@type\":\"ImageObject\",\"inLanguage\":\"pt-PT\",\"@id\":\"https:\/\/accessibi.com\/#\/schema\/logo\/image\/\",\"url\":\"https:\/\/accessibi.com\/wp-content\/uploads\/2025\/04\/accessibi-blue.svg\",\"contentUrl\":\"https:\/\/accessibi.com\/wp-content\/uploads\/2025\/04\/accessibi-blue.svg\",\"width\":511,\"height\":82,\"caption\":\"Accessibi\"},\"image\":{\"@id\":\"https:\/\/accessibi.com\/#\/schema\/logo\/image\/\"}},{\"@type\":\"Person\",\"@id\":\"https:\/\/accessibi.com\/#\/schema\/person\/627c156f54e1f6c145189c948c6286fa\",\"name\":\"admin\",\"image\":{\"@type\":\"ImageObject\",\"inLanguage\":\"pt-PT\",\"@id\":\"https:\/\/accessibi.com\/#\/schema\/person\/image\/\",\"url\":\"https:\/\/secure.gravatar.com\/avatar\/e5834dee02af5e414763876af9e2162aec9fc082b14aa685718e54b759d1b861?s=96&d=mm&r=g\",\"contentUrl\":\"https:\/\/secure.gravatar.com\/avatar\/e5834dee02af5e414763876af9e2162aec9fc082b14aa685718e54b759d1b861?s=96&d=mm&r=g\",\"caption\":\"admin\"},\"sameAs\":[\"https:\/\/accessibi.com\"],\"url\":\"https:\/\/accessibi.com\/pt\/author\/mail_rx1yoewd\/\"}]}<\/script>\n<!-- \/ Yoast SEO plugin. -->","yoast_head_json":{"title":"Acessibilidade obrigat\u00f3ria da Web na Europa a partir de 2025: o que saber | Accessibi","robots":{"index":"index","follow":"follow","max-snippet":"max-snippet:-1","max-image-preview":"max-image-preview:large","max-video-preview":"max-video-preview:-1"},"canonical":"https:\/\/accessibi.com\/pt\/acessibilidade-obrigatoria-da-web-na-europa-a-partir-de-2025-o-que-as-empresas-precisam-de-saber\/","og_locale":"pt_PT","og_type":"article","og_title":"Accessibilit\u00e0 web obbligatoria in Europa dal 2025: Cosa sapere | Accessibi","og_description":"A partire dal 28 giugno 2025, l&#8217;accessibilit\u00e0 web diventer\u00e0 un obbligo legale per tutte le aziende che operano all&#8217;interno dell&#8217;Unione Europea, in conformit\u00e0 con l&#8217;European Accessibility Act (EAA). Questa normativa rappresenta un cambiamento significativo per il panorama digitale europeo, ponendo l&#8217;accento su un accesso universale al web e ai servizi digitali, indipendentemente dalle capacit\u00e0 fisiche [&hellip;]","og_url":"https:\/\/accessibi.com\/pt\/acessibilidade-obrigatoria-da-web-na-europa-a-partir-de-2025-o-que-as-empresas-precisam-de-saber\/","og_site_name":"Accessibi","article_published_time":"2024-09-21T16:44:10+00:00","og_image":[{"width":2500,"height":1686,"url":"https:\/\/accessibi.com\/wp-content\/uploads\/2024\/09\/italy-and-european-union-flags-2023-11-27-04-57-48-utc-1.jpg","type":"image\/jpeg"}],"author":"admin","twitter_card":"summary_large_image","twitter_misc":{"Escrito por":"admin","Tempo estimado de leitura":"6 minutos"},"schema":{"@context":"https:\/\/schema.org","@graph":[{"@type":"Article","@id":"https:\/\/accessibi.com\/laccessibilita-web-obbligatoria-in-europa-dal-2025-cosa-devono-sapere-le-aziende\/#article","isPartOf":{"@id":"https:\/\/accessibi.com\/laccessibilita-web-obbligatoria-in-europa-dal-2025-cosa-devono-sapere-le-aziende\/"},"author":{"name":"admin","@id":"https:\/\/accessibi.com\/#\/schema\/person\/627c156f54e1f6c145189c948c6286fa"},"headline":"Accessibilit\u00e0 web obbligatoria in Europa dal 2025: Cosa sapere","datePublished":"2024-09-21T16:44:10+00:00","mainEntityOfPage":{"@id":"https:\/\/accessibi.com\/laccessibilita-web-obbligatoria-in-europa-dal-2025-cosa-devono-sapere-le-aziende\/"},"wordCount":1045,"commentCount":0,"publisher":{"@id":"https:\/\/accessibi.com\/#organization"},"image":{"@id":"https:\/\/accessibi.com\/laccessibilita-web-obbligatoria-in-europa-dal-2025-cosa-devono-sapere-le-aziende\/#primaryimage"},"thumbnailUrl":"https:\/\/accessibi.com\/wp-content\/uploads\/2024\/09\/italy-and-european-union-flags-2023-11-27-04-57-48-utc-1.jpg","articleSection":["Accessibilit\u00e0"],"inLanguage":"pt-PT","potentialAction":[{"@type":"CommentAction","name":"Comment","target":["https:\/\/accessibi.com\/laccessibilita-web-obbligatoria-in-europa-dal-2025-cosa-devono-sapere-le-aziende\/#respond"]}]},{"@type":"WebPage","@id":"https:\/\/accessibi.com\/laccessibilita-web-obbligatoria-in-europa-dal-2025-cosa-devono-sapere-le-aziende\/","url":"https:\/\/accessibi.com\/laccessibilita-web-obbligatoria-in-europa-dal-2025-cosa-devono-sapere-le-aziende\/","name":"Acessibilidade obrigat\u00f3ria da Web na Europa a partir de 2025: o que saber | Accessibi","isPartOf":{"@id":"https:\/\/accessibi.com\/#website"},"primaryImageOfPage":{"@id":"https:\/\/accessibi.com\/laccessibilita-web-obbligatoria-in-europa-dal-2025-cosa-devono-sapere-le-aziende\/#primaryimage"},"image":{"@id":"https:\/\/accessibi.com\/laccessibilita-web-obbligatoria-in-europa-dal-2025-cosa-devono-sapere-le-aziende\/#primaryimage"},"thumbnailUrl":"https:\/\/accessibi.com\/wp-content\/uploads\/2024\/09\/italy-and-european-union-flags-2023-11-27-04-57-48-utc-1.jpg","datePublished":"2024-09-21T16:44:10+00:00","breadcrumb":{"@id":"https:\/\/accessibi.com\/laccessibilita-web-obbligatoria-in-europa-dal-2025-cosa-devono-sapere-le-aziende\/#breadcrumb"},"inLanguage":"pt-PT","potentialAction":[{"@type":"ReadAction","target":["https:\/\/accessibi.com\/laccessibilita-web-obbligatoria-in-europa-dal-2025-cosa-devono-sapere-le-aziende\/"]}]},{"@type":"ImageObject","inLanguage":"pt-PT","@id":"https:\/\/accessibi.com\/laccessibilita-web-obbligatoria-in-europa-dal-2025-cosa-devono-sapere-le-aziende\/#primaryimage","url":"https:\/\/accessibi.com\/wp-content\/uploads\/2024\/09\/italy-and-european-union-flags-2023-11-27-04-57-48-utc-1.jpg","contentUrl":"https:\/\/accessibi.com\/wp-content\/uploads\/2024\/09\/italy-and-european-union-flags-2023-11-27-04-57-48-utc-1.jpg","width":2500,"height":1686,"caption":"Italy and European Union Flags on the Venetian Style Building."},{"@type":"BreadcrumbList","@id":"https:\/\/accessibi.com\/laccessibilita-web-obbligatoria-in-europa-dal-2025-cosa-devono-sapere-le-aziende\/#breadcrumb","itemListElement":[{"@type":"ListItem","position":1,"name":"Home","item":"https:\/\/accessibi.com\/"},{"@type":"ListItem","position":2,"name":"Accessibilit\u00e0 web obbligatoria in Europa dal 2025: Cosa sapere"}]},{"@type":"WebSite","@id":"https:\/\/accessibi.com\/#website","url":"https:\/\/accessibi.com\/","name":"Acessibilidade","description":"Acessibilidade para todos, sem compromissos","publisher":{"@id":"https:\/\/accessibi.com\/#organization"},"potentialAction":[{"@type":"SearchAction","target":{"@type":"EntryPoint","urlTemplate":"https:\/\/accessibi.com\/?s={search_term_string}"},"query-input":{"@type":"PropertyValueSpecification","valueRequired":true,"valueName":"search_term_string"}}],"inLanguage":"pt-PT"},{"@type":"Organization","@id":"https:\/\/accessibi.com\/#organization","name":"Acessibilidade","url":"https:\/\/accessibi.com\/","logo":{"@type":"ImageObject","inLanguage":"pt-PT","@id":"https:\/\/accessibi.com\/#\/schema\/logo\/image\/","url":"https:\/\/accessibi.com\/wp-content\/uploads\/2025\/04\/accessibi-blue.svg","contentUrl":"https:\/\/accessibi.com\/wp-content\/uploads\/2025\/04\/accessibi-blue.svg","width":511,"height":82,"caption":"Accessibi"},"image":{"@id":"https:\/\/accessibi.com\/#\/schema\/logo\/image\/"}},{"@type":"Person","@id":"https:\/\/accessibi.com\/#\/schema\/person\/627c156f54e1f6c145189c948c6286fa","name":"administrador","image":{"@type":"ImageObject","inLanguage":"pt-PT","@id":"https:\/\/accessibi.com\/#\/schema\/person\/image\/","url":"https:\/\/secure.gravatar.com\/avatar\/e5834dee02af5e414763876af9e2162aec9fc082b14aa685718e54b759d1b861?s=96&d=mm&r=g","contentUrl":"https:\/\/secure.gravatar.com\/avatar\/e5834dee02af5e414763876af9e2162aec9fc082b14aa685718e54b759d1b861?s=96&d=mm&r=g","caption":"admin"},"sameAs":["https:\/\/accessibi.com"],"url":"https:\/\/accessibi.com\/pt\/author\/mail_rx1yoewd\/"}]}},"_links":{"self":[{"href":"https:\/\/accessibi.com\/pt\/wp-json\/wp\/v2\/posts\/387","targetHints":{"allow":["GET"]}}],"collection":[{"href":"https:\/\/accessibi.com\/pt\/wp-json\/wp\/v2\/posts"}],"about":[{"href":"https:\/\/accessibi.com\/pt\/wp-json\/wp\/v2\/types\/post"}],"author":[{"embeddable":true,"href":"https:\/\/accessibi.com\/pt\/wp-json\/wp\/v2\/users\/1"}],"replies":[{"embeddable":true,"href":"https:\/\/accessibi.com\/pt\/wp-json\/wp\/v2\/comments?post=387"}],"version-history":[{"count":0,"href":"https:\/\/accessibi.com\/pt\/wp-json\/wp\/v2\/posts\/387\/revisions"}],"wp:featuredmedia":[{"embeddable":true,"href":"https:\/\/accessibi.com\/pt\/wp-json\/wp\/v2\/media\/388"}],"wp:attachment":[{"href":"https:\/\/accessibi.com\/pt\/wp-json\/wp\/v2\/media?parent=387"}],"wp:term":[{"taxonomy":"category","embeddable":true,"href":"https:\/\/accessibi.com\/pt\/wp-json\/wp\/v2\/categories?post=387"},{"taxonomy":"post_tag","embeddable":true,"href":"https:\/\/accessibi.com\/pt\/wp-json\/wp\/v2\/tags?post=387"}],"curies":[{"name":"wp","href":"https:\/\/api.w.org\/{rel}","templated":true}]}}